{"id":22465,"date":"2026-04-29T21:05:47","date_gmt":"2026-04-30T00:05:47","guid":{"rendered":"https:\/\/aprimora.site\/carvalhoalmeidaadvogados\/2026\/04\/29\/bc-reduz-selic-para-145-ao-ano-em-meio-a-incertezas-do-conflito-no-oriente-medio\/"},"modified":"2026-04-29T21:05:47","modified_gmt":"2026-04-30T00:05:47","slug":"bc-reduz-selic-para-145-ao-ano-em-meio-a-incertezas-do-conflito-no-oriente-medio","status":"publish","type":"post","link":"https:\/\/aprimora.site\/carvalhoalmeidaadvogados\/2026\/04\/29\/bc-reduz-selic-para-145-ao-ano-em-meio-a-incertezas-do-conflito-no-oriente-medio\/","title":{"rendered":"BC reduz Selic para 14,5% ao ano em meio a incertezas do conflito no Oriente M\u00e9dio"},"content":{"rendered":"<p>O Comit\u00ea de Pol\u00edtica Monet\u00e1ria (<a href=\"https:\/\/www.jota.info\/tudo-sobre\/Copom\">Copom<\/a>) do Banco Central (<a href=\"https:\/\/www.jota.info\/tudo-sobre\/Banco%20Central\">BC<\/a>) decidiu, nesta quarta-feira (29\/4), seguir com a redu\u00e7\u00e3o da taxa b\u00e1sica de juros da economia em 0,25 ponto percentual, de 14,75% para 14,5% ao ano. \u00c9 o segundo corte consecutivo desde mar\u00e7o, quando come\u00e7ou o atual ciclo de queda. Tamb\u00e9m nesta quarta, o Federal Reserve (<a href=\"https:\/\/www.jota.info\/tudo-sobre\/Federal%20reserve\">Fed<\/a>), Banco Central dos Estados Unidos, divulgou a manuten\u00e7\u00e3o da taxa de juros do pa\u00eds na faixa de 3,50% a 3,75% ao ano. A decis\u00e3o ocorre em meio ao an\u00fancio de fim do mandato de Jerome Powell, atual diretor do Fed, que poder\u00e1 ser sucedido por Kevin Warsh.<\/p>\n<p>Em comunicado, o Copom afirmou que a medida de calibra\u00e7\u00e3o e a continuidade no ciclo de cortes \u00e9 apropriada \u201cna medida em que o per\u00edodo prolongado de manuten\u00e7\u00e3o da taxa b\u00e1sica de juros em patamar contracionista propiciou evid\u00eancias da transmiss\u00e3o da pol\u00edtica monet\u00e1ria sobre a desacelera\u00e7\u00e3o da atividade econ\u00f4mica, criando condi\u00e7\u00f5es para que ajustes no ritmo e extens\u00e3o dessa calibra\u00e7\u00e3o, \u00e0 luz de novas informa\u00e7\u00f5es, sejam poss\u00edveis de forma a assegurar o n\u00edvel compat\u00edvel com a converg\u00eancia da infla\u00e7\u00e3o \u00e0 meta\u201d.<\/p>\n<p class=\"jota-cta\"><a href=\"https:\/\/www.jota.info\/produtos\/poder?utm_source=cta-site&amp;utm_medium=site&amp;utm_campaign=campanha_poder_q2&amp;utm_id=cta_texto_poder_q2_2023&amp;utm_term=cta_texto_poder&amp;utm_term=cta_texto_poder_meio_materias\"><span>Conhe\u00e7a o <span class=\"jota\">JOTA<\/span> PRO Poder, plataforma de monitoramento que oferece transpar\u00eancia e previsibilidade para empresas<\/span><\/a><\/p>\n<p>Para o Comit\u00ea, a redu\u00e7\u00e3o n\u00e3o traz preju\u00edzos em seu objetivo fundamental de assegurar a estabilidade de pre\u00e7os e tamb\u00e9m implica \u201csuaviza\u00e7\u00e3o das flutua\u00e7\u00f5es do n\u00edvel de atividade econ\u00f4mica e fomento do pleno emprego\u201d.<\/p>\n<p>O Copom tamb\u00e9m informou que \u200b\u201do ambiente externo permanece incerto, em fun\u00e7\u00e3o da indefini\u00e7\u00e3o a respeito da dura\u00e7\u00e3o, extens\u00e3o, e desdobramentos dos conflitos geopol\u00edticos no Oriente M\u00e9dio, com reflexos nas condi\u00e7\u00f5es financeiras globais. Tal cen\u00e1rio exige cautela por parte de pa\u00edses emergentes em ambiente marcado por eleva\u00e7\u00e3o da volatilidade de pre\u00e7os de ativos e <em>commodities<\/em>\u201c.<\/p>\n<p>No cen\u00e1rio dom\u00e9stico, o Copom afirmou que o conjunto de indicadores segue em \u201ctrajet\u00f3ria de modera\u00e7\u00e3o no crescimento da atividade econ\u00f4mica, enquanto o mercado de trabalho ainda mostra sinais de resili\u00eancia\u201d.<\/p>\n<h2>Infla\u00e7\u00e3o<\/h2>\n<p>Quanto a infla\u00e7\u00e3o, o Comit\u00ea citou o \u00faltimo Boletim Focus, publicado na \u00faltima segunda-feira (27\/4), que mostrava a proje\u00e7\u00e3o do mercado acima da meta, em 4,9% e 4,0%, e afirmou que os riscos \u201ctanto de alta quanto de baixa, permanecem mais elevados que o usual, perante a indefini\u00e7\u00e3o acerca dos conflitos no Oriente M\u00e9dio\u201d.<\/p>\n<p class=\"jota-cta\"><a href=\"https:\/\/conteudo.jota.info\/marketing-lp-newsletter-ultimas-noticias?utm_source=jota&amp;utm_medium=lp&amp;utm_campaign=23-09-2024-jota-lp-eleicoes-2024-eleicoes-2024-none-audiencias-none&amp;utm_content=eleicoes-2024&amp;utm_term=none\"><span>Assine gratuitamente a newsletter \u00daltimas Not\u00edcias do <span class=\"jota\">JOTA<\/span> e receba as principais not\u00edcias jur\u00eddicas e pol\u00edticas do dia no seu email<\/span><\/a><\/p>\n<p>Entre as expectativas de alta no cen\u00e1rio inflacion\u00e1rio, o Copom citou desancoragem das expectativas de infla\u00e7\u00e3o por per\u00edodo mais prolongado, maior resili\u00eancia na infla\u00e7\u00e3o de servi\u00e7os, uma conjun\u00e7\u00e3o de pol\u00edticas econ\u00f4micas externa e interna que tenham impacto inflacion\u00e1rio maior que o esperado. Entre os riscos de baixa, foram destacados uma eventual desacelera\u00e7\u00e3o da atividade econ\u00f4mica, uma desacelera\u00e7\u00e3o global gerada pela crise geopol\u00edtica com reflexos no com\u00e9rcio e no petr\u00f3leo, al\u00e9m de uma redu\u00e7\u00e3o nos pre\u00e7os das <em>commodities.\u00a0<\/em><\/p>\n<h2>Impactos do conflito no Oriente M\u00e9dio<\/h2>\n<p>O Comit\u00ea tamb\u00e9m destacou o impacto dos conflitos no Oriente M\u00e9dio no cen\u00e1rio dom\u00e9stico. \u201cSeus efeitos sobre a cadeia de suprimentos global e os pre\u00e7os de\u00a0<em>commodities<\/em> que afetam direta e indiretamente a infla\u00e7\u00e3o no Brasil\u201d, diz o comunicado. Al\u00e9m de afirmar que as proje\u00e7\u00f5es inflacion\u00e1rios tiveram um aumento consider\u00e1vel \u201cem fun\u00e7\u00e3o da falta de clareza sobre a dura\u00e7\u00e3o dos conflitos e de seus efeitos sobre os condicionantes\u201d.<\/p>\n<h2>Expectativa do mercado financeiro<\/h2>\n<p>De acordo com o Boletim Focus publicado na \u00faltima segunda-feira (27\/4), a redu\u00e7\u00e3o da Selic veio de acordo com a expectativa do mercado financeiro, que previa um corte cauteloso de 0,25 ponto percentual. A cautela da previs\u00e3o foi seguida pela sinaliza\u00e7\u00e3o do BC, em mar\u00e7o, da n\u00e3o garantia da continuidade dos cortes. Na ata da \u00faltima reuni\u00e3o, o Copom informou que \u201ca magnitude e a dura\u00e7\u00e3o do ciclo de calibra\u00e7\u00e3o\u201d seriam determinados \u00e0 medida que novas informa\u00e7\u00f5es sobre o conflito no Oriente M\u00e9dio fossem \u201cincorporadas \u00e0s suas an\u00e1lises\u201d.<\/p>\n<p>Para o fim de 2026, os analistas mant\u00e9m a previs\u00e3o da Selic em 13% ao ano. Para 2027, a proje\u00e7\u00e3o tamb\u00e9m seguiu inalterada em 11% e, para 2028, em 10%. J\u00e1 para 2029, o mercado reduziu sua previs\u00e3o. A estimativa para a Selic recuou de 9,88% para 9,75% ao ano, registrando a primeira queda ap\u00f3s um per\u00edodo de estabilidade.<\/p>\n<h2>\u2018Super quarta\u2019 e sucess\u00e3o no Fed<\/h2>\n<p>Al\u00e9m do an\u00fancio feito pelo Banco Central, o Fed divulgou a manuten\u00e7\u00e3o da taxa de juros do pa\u00eds na faixa de 3,50% a 3,75% ao ano, menor n\u00edvel desde setembro de 2022. Esta tamb\u00e9m foi a \u00faltima decis\u00e3o com Jerome Powell na presid\u00eancia do Banco Central Americano. Ap\u00f3s oito anos no comando e em meio a atritos com o presidente Donald Trump, Powell deixar\u00e1 o cargo em 15 de maio.<\/p>\n<p class=\"jota-cta\"><a href=\"https:\/\/whatsapp.com\/channel\/0029VaFvFd73rZZflK7yGD0I\">Inscreva-se no canal de not\u00edcias do <span class=\"jota\">JOTA<\/span> no WhatsApp e fique por dentro das principais discuss\u00f5es do pa\u00eds!<\/a><\/p>\n<p>Na manh\u00e3 desta quarta-feira, Kevin Warsh foi aprovado pelo Comit\u00ea Banc\u00e1rio do Senado para assumir a presid\u00eancia do Fed. Em sua \u00faltima coletiva de imprensa, Powell parabenizou o indicado e disse que pretende permanecer como membro do Conselho de Governadores do Fed por um per\u00edodo ainda indefinido.<\/p>\n<p>As incertezas provocadas pela guerra no Oriente M\u00e9dio e, consequentemente, a disparada do pre\u00e7o do barril de petr\u00f3leo seguiram como pontos decisivos para a manuten\u00e7\u00e3o da taxa de juros. A principal preocupa\u00e7\u00e3o norte-americana \u00e9 o impacto na infla\u00e7\u00e3o do pa\u00eds: \u201cest\u00e1 elevada, refletindo, em parte, o recente aumento nos pre\u00e7os globais de energia\u201d, afirmou o comunicado do Fomc (Federal Open Market Committee ou Comit\u00ea Federal de Mercado Aberto).<\/p>\n<p>O Comit\u00ea ainda afirmou que \u201cestar\u00e1 preparado para ajustar a postura da pol\u00edtica monet\u00e1ria conforme apropriado\u201d, levando \u201cem considera\u00e7\u00e3o uma ampla gama de informa\u00e7\u00f5es, incluindo dados sobre as condi\u00e7\u00f5es do mercado de trabalho, press\u00f5es inflacion\u00e1rias e expectativas de infla\u00e7\u00e3o, bem como desenvolvimentos financeiros e internacionais\u201d.<\/p>","protected":false},"excerpt":{"rendered":"<p>O Comit\u00ea de Pol\u00edtica Monet\u00e1ria (Copom) do Banco Central (BC) decidiu, nesta quarta-feira (29\/4), seguir com a redu\u00e7\u00e3o da taxa b\u00e1sica de juros da economia em 0,25 ponto percentual, de 14,75% para 14,5% ao ano. \u00c9 o segundo corte consecutivo desde mar\u00e7o, quando come\u00e7ou o atual ciclo de queda. Tamb\u00e9m nesta quarta, o Federal Reserve [&hellip;]<\/p>\n","protected":false},"author":0,"featured_media":0,"comment_status":"open","ping_status":"open","sticky":false,"template":"","format":"standard","meta":[],"categories":[1],"tags":[],"_links":{"self":[{"href":"https:\/\/aprimora.site\/carvalhoalmeidaadvogados\/wp-json\/wp\/v2\/posts\/22465"}],"collection":[{"href":"https:\/\/aprimora.site\/carvalhoalmeidaadvogados\/wp-json\/wp\/v2\/posts"}],"about":[{"href":"https:\/\/aprimora.site\/carvalhoalmeidaadvogados\/wp-json\/wp\/v2\/types\/post"}],"replies":[{"embeddable":true,"href":"https:\/\/aprimora.site\/carvalhoalmeidaadvogados\/wp-json\/wp\/v2\/comments?post=22465"}],"version-history":[{"count":0,"href":"https:\/\/aprimora.site\/carvalhoalmeidaadvogados\/wp-json\/wp\/v2\/posts\/22465\/revisions"}],"wp:attachment":[{"href":"https:\/\/aprimora.site\/carvalhoalmeidaadvogados\/wp-json\/wp\/v2\/media?parent=22465"}],"wp:term":[{"taxonomy":"category","embeddable":true,"href":"https:\/\/aprimora.site\/carvalhoalmeidaadvogados\/wp-json\/wp\/v2\/categories?post=22465"},{"taxonomy":"post_tag","embeddable":true,"href":"https:\/\/aprimora.site\/carvalhoalmeidaadvogados\/wp-json\/wp\/v2\/tags?post=22465"}],"curies":[{"name":"wp","href":"https:\/\/api.w.org\/{rel}","templated":true}]}}