{"id":22462,"date":"2026-04-29T19:59:02","date_gmt":"2026-04-29T22:59:02","guid":{"rendered":"https:\/\/aprimora.site\/carvalhoalmeidaadvogados\/2026\/04\/29\/senado-rejeita-nome-de-messias-para-o-stf-com-42-votos-contrarios-em-derrota-historica-de-lula\/"},"modified":"2026-04-29T19:59:02","modified_gmt":"2026-04-29T22:59:02","slug":"senado-rejeita-nome-de-messias-para-o-stf-com-42-votos-contrarios-em-derrota-historica-de-lula","status":"publish","type":"post","link":"https:\/\/aprimora.site\/carvalhoalmeidaadvogados\/2026\/04\/29\/senado-rejeita-nome-de-messias-para-o-stf-com-42-votos-contrarios-em-derrota-historica-de-lula\/","title":{"rendered":"Senado rejeita nome de Messias para o STF, com 42 votos contr\u00e1rios, em derrota hist\u00f3rica de Lula"},"content":{"rendered":"<p>O Plen\u00e1rio do Senado Federal negou, nesta quarta-feira (29\/4), a indica\u00e7\u00e3o do ministro da Advocacia-Geral da Uni\u00e3o (<a href=\"https:\/\/www.jota.info\/tudo-sobre\/agu\">AGU<\/a>), <a href=\"https:\/\/www.google.com\/search?q=%3Cspan%20class=\">JOTA.INFO+Jorge+Messias&amp;oq=<span class=\"jota\">JOTA<\/span>.INFO+Jorge+Messias&amp;gs_lcrp=EgZjaHJvbWUyBggAEEUYOTIGCAEQRRg7MgcIAhAAGO8FMgcIAxAAGO8FMgoIBBAAGIAEGKIEMgcIBRAAGO8FMgYIBhBFGDwyBggHEEUYPNIBCDI5MjVqMGo0qAIAsAIA&amp;sourceid=chrome&amp;ie=UTF-8&#8243;&gt;Jorge Messias<\/a>, para o Supremo Tribunal Federal (<a href=\"https:\/\/www.jota.info\/stf\">STF<\/a>), com 42 votos contr\u00e1rios e apenas 34 favor\u00e1veis. Para a aprova\u00e7\u00e3o, eram necess\u00e1rios 41 votos. Houve uma absten\u00e7\u00e3o.<\/p>\n<p class=\"jota-cta\"><a href=\"https:\/\/www.jota.info\/produtos\/poder?utm_source=cta-site&amp;utm_medium=site&amp;utm_campaign=campanha_poder_q2&amp;utm_id=cta_texto_poder_q2_2023&amp;utm_term=cta_texto_poder&amp;utm_term=cta_texto_poder_meio_materias\"><span>Conhe\u00e7a o <span class=\"jota\">JOTA<\/span> PRO Poder, plataforma de monitoramento que oferece transpar\u00eancia e previsibilidade para empresas<\/span><\/a><\/p>\n<p>O cargo no Supremo segue vago at\u00e9 a pr\u00f3xima indica\u00e7\u00e3o do presidente Lula (PT). A \u00faltima rejei\u00e7\u00e3o ocorreu durante a presid\u00eancia de Floriano Peixoto, na Primeira Rep\u00fablica, em 1894, em sess\u00e3o secreta da Comiss\u00e3o de Justi\u00e7a e Legisla\u00e7\u00e3o.<\/p>\n<p>Mais cedo, a Comiss\u00e3o de Constitui\u00e7\u00e3o e Justi\u00e7a (CCJ) havia dado aval ao nome com placar apertado, 16 votos a 11. Messias foi indicado pelo presidente Luiz In\u00e1cio Lula da Silva para a vaga aberta com a aposentadoria de Lu\u00eds Roberto Barroso.<\/p>\n<p>A escolha de Messias enfrentou obje\u00e7\u00f5es no Senado. O presidente do Senado, Davi Alcolumbre (Uni\u00e3o-AP), resistiu \u00e0 indica\u00e7\u00e3o por preferir o nome do ex-presidente do Senado, Rodrigo Pacheco (PSD-MG), aliado pol\u00edtico de longa data. A indica\u00e7\u00e3o avan\u00e7ou ap\u00f3s articula\u00e7\u00e3o do Pal\u00e1cio do Planalto nas \u00faltimas semanas.<\/p>\n<p>A sabatina de Messias foi realizada quase cinco meses depois de Lula anunciar formalmente o nome do AGU para a vaga. Com a insatisfa\u00e7\u00e3o de Alcolumbre e desgastes na rela\u00e7\u00e3o entre Executivo e Legislativo, Lula levou quatro meses para oficializar a indica\u00e7\u00e3o ao Senado, em mensagem presidencial.<\/p>\n<p>Alcolumbre colocou o peso do cargo contra a indica\u00e7\u00e3o e ligou para senadores em busca de absten\u00e7\u00f5es ou votos contr\u00e1rios. O governo se manteve cautelosamente otimista e trabalhou no varejo, com a ajuda de lideran\u00e7as do centro. N\u00e3o obteve sucesso.<\/p>\n<p>Veja os placares no plen\u00e1rio do Senado:<\/p>\n<p>Fl\u00e1vio Dino, indicado por Lula em 2023: 47 x 31 (+2 absten\u00e7\u00f5es);<br \/>\nCristiano Zanin, indicado por Lula em 2023: 58 x 18;<br \/>\nAndr\u00e9 Mendon\u00e7a, indicado por Jair Bolsonaro em 2021: 47 x 32;<br \/>\nNunes Marques, indicado por Jair Bolsonaro em 2020: 57 x 10 (+1 absten\u00e7\u00e3o);<br \/>\nAlexandre de Moraes, indicado por Michel Temer em 2017: 55 x 13;<br \/>\nEdson Fachin, indicado por Dilma Rousseff em 2015: 52 x 27;<br \/>\nLu\u00eds Roberto Barroso, indicado por Dilma Rousseff em 2013: 59 x 6;<br \/>\nTeori Zavascki, indicado por Dilma Rousseff em 2012: 57 x 4;<br \/>\nRosa Weber, indicada por Dilma Rousseff em 2011: 57 x 14 (+1 absten\u00e7\u00e3o);<br \/>\nLuiz Fux, indicado por Dilma Rousseff em 2011: 68 x 2;<br \/>\nDias Toffoli, indicado por Lula em 2009: 58 x 9 (+3 absten\u00e7\u00f5es);<br \/>\nMenezes Direito, indicado por Lula em 2007: 61 x 2 (+1 absten\u00e7\u00e3o);<br \/>\nC\u00e1rmen L\u00facia, indicada por Lula em 2006: 55 x 1;<br \/>\nRicardo Lewandowski, indicado por Lula em 2006: 63 x 4;<br \/>\nEros Grau, indicado por Lula em 2004: 57 x 5 (+3 absten\u00e7\u00f5es);<br \/>\nAyres Britto, indicado por Lula em 2003: 65 x 3 (+2 absten\u00e7\u00f5es);<br \/>\nJoaquim Barbosa, indicado por Lula em 2003: 66 x 3 (+1 absten\u00e7\u00e3o);<br \/>\nCezar Peluso, indicado por Lula em 2003: 57 x 3 (+1 absten\u00e7\u00e3o);<br \/>\nGilmar Mendes, indicado por FHC em 2002: 58 x 15.<\/p>","protected":false},"excerpt":{"rendered":"<p>O Plen\u00e1rio do Senado Federal negou, nesta quarta-feira (29\/4), a indica\u00e7\u00e3o do ministro da Advocacia-Geral da Uni\u00e3o (AGU), JOTA.INFO+Jorge+Messias&amp;oq=JOTA.INFO+Jorge+Messias&amp;gs_lcrp=EgZjaHJvbWUyBggAEEUYOTIGCAEQRRg7MgcIAhAAGO8FMgcIAxAAGO8FMgoIBBAAGIAEGKIEMgcIBRAAGO8FMgYIBhBFGDwyBggHEEUYPNIBCDI5MjVqMGo0qAIAsAIA&amp;sourceid=chrome&amp;ie=UTF-8&#8243;&gt;Jorge Messias, para o Supremo Tribunal Federal (STF), com 42 votos contr\u00e1rios e apenas 34 favor\u00e1veis. Para a aprova\u00e7\u00e3o, eram necess\u00e1rios 41 votos. Houve uma absten\u00e7\u00e3o. Conhe\u00e7a o JOTA PRO Poder, plataforma de monitoramento que oferece transpar\u00eancia [&hellip;]<\/p>\n","protected":false},"author":0,"featured_media":0,"comment_status":"open","ping_status":"open","sticky":false,"template":"","format":"standard","meta":[],"categories":[1],"tags":[],"_links":{"self":[{"href":"https:\/\/aprimora.site\/carvalhoalmeidaadvogados\/wp-json\/wp\/v2\/posts\/22462"}],"collection":[{"href":"https:\/\/aprimora.site\/carvalhoalmeidaadvogados\/wp-json\/wp\/v2\/posts"}],"about":[{"href":"https:\/\/aprimora.site\/carvalhoalmeidaadvogados\/wp-json\/wp\/v2\/types\/post"}],"replies":[{"embeddable":true,"href":"https:\/\/aprimora.site\/carvalhoalmeidaadvogados\/wp-json\/wp\/v2\/comments?post=22462"}],"version-history":[{"count":0,"href":"https:\/\/aprimora.site\/carvalhoalmeidaadvogados\/wp-json\/wp\/v2\/posts\/22462\/revisions"}],"wp:attachment":[{"href":"https:\/\/aprimora.site\/carvalhoalmeidaadvogados\/wp-json\/wp\/v2\/media?parent=22462"}],"wp:term":[{"taxonomy":"category","embeddable":true,"href":"https:\/\/aprimora.site\/carvalhoalmeidaadvogados\/wp-json\/wp\/v2\/categories?post=22462"},{"taxonomy":"post_tag","embeddable":true,"href":"https:\/\/aprimora.site\/carvalhoalmeidaadvogados\/wp-json\/wp\/v2\/tags?post=22462"}],"curies":[{"name":"wp","href":"https:\/\/api.w.org\/{rel}","templated":true}]}}