{"id":22460,"date":"2026-04-29T19:01:07","date_gmt":"2026-04-29T22:01:07","guid":{"rendered":"https:\/\/aprimora.site\/carvalhoalmeidaadvogados\/2026\/04\/29\/caged-criacao-de-empregos-cresce-1853-em-marco-mas-cai-9-no-primeiro-trimestre\/"},"modified":"2026-04-29T19:01:07","modified_gmt":"2026-04-29T22:01:07","slug":"caged-criacao-de-empregos-cresce-1853-em-marco-mas-cai-9-no-primeiro-trimestre","status":"publish","type":"post","link":"https:\/\/aprimora.site\/carvalhoalmeidaadvogados\/2026\/04\/29\/caged-criacao-de-empregos-cresce-1853-em-marco-mas-cai-9-no-primeiro-trimestre\/","title":{"rendered":"Caged: cria\u00e7\u00e3o de empregos cresce 185,3% em mar\u00e7o, mas cai 9% no primeiro trimestre"},"content":{"rendered":"<p>O Brasil criou 228.208 empregos formais em mar\u00e7o, segundo dados do Cadastro Geral de Empregados e Desempregados (<a href=\"https:\/\/www.jota.info\/tudo-sobre\/caged\">Caged<\/a>). No mesmo per\u00edodo do ano passado, o saldo foi de 79.994 postos, uma alta de quase 185,3%.<\/p>\n<p>Apesar do crescimento, no acumulado de janeiro a mar\u00e7o, o saldo foi de 613.373 v\u00ednculos, uma queda de 9% na compara\u00e7\u00e3o com o primeiro trimestre de 2025. Segundo o ministro do Trabalho e Emprego , <a href=\"https:\/\/www.jota.info\/tudo-sobre\/luiz-marinho\">Luiz Marinho<\/a> (PT), a base trimestral representa melhor a realidade do mercado de trabalho brasileiro, j\u00e1 que o crescimento de mar\u00e7o teve rela\u00e7\u00e3o com o Carnaval. Como a festa caiu em fevereiro, as contrata\u00e7\u00f5es foram jogadas para o m\u00eas seguinte, disse o ministro.<\/p>\n<p>Nos \u00faltimos 12 meses, o acumulado \u00e9 de 1.211.455 novos postos de trabalho, <span>o que representa uma queda de 25,56% na compara\u00e7\u00e3o anual. O saldo dos \u00faltimos 12 meses eleva <\/span>o estoque total de empregados para 49.082.634, aponta a pesquisa.<\/p>\n<p>Em coletiva na tarde desta quarta-feira (29\/04), Marinho atribuiu o ritmo mais lento de gera\u00e7\u00e3o de empregos ao patamar elevado dos juros. Ele fez um aceno para o Comit\u00ea de Pol\u00edtica Monet\u00e1rio (Copom) do Banco Central (BC), que se reuniu nesta quarta sob a chefia de Gabriel Gal\u00edpolo.<\/p>\n<p>\u201cAl\u00f4, Gal\u00edpolo. Al\u00f4, Banco Central, por favor, reduza mais um pouquinho. Os juros est\u00e3o muito altos e isso interfere nesse resultado\u201d, disse o ministro.<\/p>\n<p class=\"jota-cta\"><a href=\"https:\/\/conteudo.jota.info\/marketing-lp-newsletter-ultimas-noticias?utm_source=jota&amp;utm_medium=lp&amp;utm_campaign=23-09-2024-jota-lp-eleicoes-2024-eleicoes-2024-none-audiencias-none&amp;utm_content=eleicoes-2024&amp;utm_term=none\"><span>Assine gratuitamente a newsletter \u00daltimas Not\u00edcias do <span class=\"jota\">JOTA<\/span> e receba as principais not\u00edcias jur\u00eddicas e pol\u00edticas do dia no seu email<\/span><\/a><\/p>\n<h2>Atividades econ\u00f4micas<\/h2>\n<p>Quatro dos cinco agrupamentos de atividades econ\u00f4micas registraram alta no emprego em mar\u00e7o de 2026: Servi\u00e7os (+152.391); Constru\u00e7\u00e3o (+38.316); Ind\u00fastria (+28.336) e Com\u00e9rcio (+27.267). Agropecu\u00e1ria foi a \u00fanica atividade que apresentou saldo negativo (-18.096).<\/p>\n<p>\u201cTem a ver com a sazonalidade, do a\u00e7\u00facar, especialmente, mas tamb\u00e9m da ma\u00e7\u00e3. Principalmente no Nordeste, [a sazonalidade reflete] a colheita de a\u00e7\u00facar e cana\u201d, afirmou Marinho.<\/p>\n<p>Entre as Unidades Federativas (UF), tr\u00eas tiveram resultados negativos: Alagoas (-5.243), Mato Grosso (-1.716) e Sergipe (-338). Os destaques positivos foram S\u00e3o Paulo (+67.876), Minas Gerais (+38.845) e Rio de Janeiro (+23.914).<\/p>\n<p class=\"jota-cta\"><a href=\"https:\/\/www.jota.info\/produtos\/poder?utm_source=cta-site&amp;utm_medium=site&amp;utm_campaign=campanha_poder_q2&amp;utm_id=cta_texto_poder_q2_2023&amp;utm_term=cta_texto_poder&amp;utm_term=cta_texto_poder_meio_materias\"><span>Conhe\u00e7a o <span class=\"jota\">JOTA<\/span> PRO Poder, plataforma de monitoramento que oferece transpar\u00eancia e previsibilidade para empresas<\/span><\/a><\/p>\n<h2>Sal\u00e1rio<\/h2>\n<p>O sal\u00e1rio m\u00e9dio real de admiss\u00e3o em mar\u00e7o de 2026 foi de R$ 2.350,83, uma queda de R$ 17,50 frente ao m\u00eas anterior (R$ 2.368,33). J\u00e1 em compara\u00e7\u00e3o com o mesmo m\u00eas do ano anterior (R$ 2.309,03), houve aumento de R$ 41,80 na base com ajuste.<\/p>\n<h2>RAIS<\/h2>\n<p>O ministro adiantou ainda os dados referentes \u00e0 Rela\u00e7\u00e3o Anual de Informa\u00e7\u00f5es Sociais (RAIS), que engloba tanto v\u00ednculos celetistas como estatut\u00e1rios. Considerando o saldo dos \u00faltimos tr\u00eas anos (2023, 2024 e 2025) mais o do primeiro trimestre de 2026, foram geradas 7.183.525 vagas formais. Os servidores representam 2.162.339 desse total.<\/p>","protected":false},"excerpt":{"rendered":"<p>O Brasil criou 228.208 empregos formais em mar\u00e7o, segundo dados do Cadastro Geral de Empregados e Desempregados (Caged). No mesmo per\u00edodo do ano passado, o saldo foi de 79.994 postos, uma alta de quase 185,3%. Apesar do crescimento, no acumulado de janeiro a mar\u00e7o, o saldo foi de 613.373 v\u00ednculos, uma queda de 9% na [&hellip;]<\/p>\n","protected":false},"author":0,"featured_media":0,"comment_status":"open","ping_status":"open","sticky":false,"template":"","format":"standard","meta":[],"categories":[1],"tags":[],"_links":{"self":[{"href":"https:\/\/aprimora.site\/carvalhoalmeidaadvogados\/wp-json\/wp\/v2\/posts\/22460"}],"collection":[{"href":"https:\/\/aprimora.site\/carvalhoalmeidaadvogados\/wp-json\/wp\/v2\/posts"}],"about":[{"href":"https:\/\/aprimora.site\/carvalhoalmeidaadvogados\/wp-json\/wp\/v2\/types\/post"}],"replies":[{"embeddable":true,"href":"https:\/\/aprimora.site\/carvalhoalmeidaadvogados\/wp-json\/wp\/v2\/comments?post=22460"}],"version-history":[{"count":0,"href":"https:\/\/aprimora.site\/carvalhoalmeidaadvogados\/wp-json\/wp\/v2\/posts\/22460\/revisions"}],"wp:attachment":[{"href":"https:\/\/aprimora.site\/carvalhoalmeidaadvogados\/wp-json\/wp\/v2\/media?parent=22460"}],"wp:term":[{"taxonomy":"category","embeddable":true,"href":"https:\/\/aprimora.site\/carvalhoalmeidaadvogados\/wp-json\/wp\/v2\/categories?post=22460"},{"taxonomy":"post_tag","embeddable":true,"href":"https:\/\/aprimora.site\/carvalhoalmeidaadvogados\/wp-json\/wp\/v2\/tags?post=22460"}],"curies":[{"name":"wp","href":"https:\/\/api.w.org\/{rel}","templated":true}]}}