{"id":22459,"date":"2026-04-29T19:01:07","date_gmt":"2026-04-29T22:01:07","guid":{"rendered":"https:\/\/aprimora.site\/carvalhoalmeidaadvogados\/2026\/04\/29\/mp-nao-pode-ser-condenado-a-pagar-custas-do-processo-decide-stf\/"},"modified":"2026-04-29T19:01:07","modified_gmt":"2026-04-29T22:01:07","slug":"mp-nao-pode-ser-condenado-a-pagar-custas-do-processo-decide-stf","status":"publish","type":"post","link":"https:\/\/aprimora.site\/carvalhoalmeidaadvogados\/2026\/04\/29\/mp-nao-pode-ser-condenado-a-pagar-custas-do-processo-decide-stf\/","title":{"rendered":"MP n\u00e3o pode ser condenado a pagar custas do processo, decide STF"},"content":{"rendered":"<p><span>O Supremo Tribunal Federal (<a href=\"https:\/\/www.jota.info\/tudo-sobre\/stf\">STF<\/a>) decidiu nesta quarta-feira (29\/4) que o <a href=\"https:\/\/www.jota.info\/tudo-sobre\/ministerio-publico\">Minist\u00e9rio P\u00fablico<\/a> n\u00e3o pode ser condenado ao pagamento de custas e despesas processuais e de honor\u00e1rios, caso perca uma a\u00e7\u00e3o judicial.<\/span><\/p>\n<p><span>Por outro lado, a Corte decidiu que o MP precisa pagar valores relacionados \u00e0 produ\u00e7\u00e3o de per\u00edcias para levantamento de provas, quando for o respons\u00e1vel por pedir essas medidas.\u00a0<\/span><\/p>\n<p><span>Essa posi\u00e7\u00e3o sobre o pagamento de per\u00edcia segue o que est\u00e1 estabelecido no C\u00f3digo de Processo Civil (<a href=\"https:\/\/www.jota.info\/tudo-sobre\/cpc\">CPC<\/a>). Havendo previs\u00e3o or\u00e7ament\u00e1ria, os valores poder\u00e3o ser antecipados pelo MP.\u00a0 Caso n\u00e3o haja recursos no exerc\u00edcio financeiro, a quantia ser\u00e1 paga no exerc\u00edcio seguinte ou ao final, pelo vencido no processo.<\/span><\/p>\n<p class=\"jota-cta\"><a href=\"https:\/\/www.jota.info\/produtos\/poder?utm_source=cta-site&amp;utm_medium=site&amp;utm_campaign=campanha_poder_q2&amp;utm_id=cta_texto_poder_q2_2023&amp;utm_term=cta_texto_poder&amp;utm_term=cta_texto_poder_meio_materias\"><span>Conhe\u00e7a o <span class=\"jota\">JOTA<\/span> PRO Poder, plataforma de monitoramento que oferece transpar\u00eancia e previsibilidade para empresas<\/span><\/a><\/p>\n<p><span>Na decis\u00e3o, a Corte entendeu que o Minist\u00e9rio P\u00fablico \u00e9 uma institui\u00e7\u00e3o essencial \u00e0 Justi\u00e7a e que tem o dever de defender a ordem jur\u00eddica, o regime democr\u00e1tico e os interesses sociais e individuais. Segundo a decis\u00e3o, a imposi\u00e7\u00e3o de pagamento de despesas processuais poderia afetar a independ\u00eancia e autonomia do \u00f3rg\u00e3o.\u00a0<\/span><\/p>\n<p><span>A decis\u00e3o foi tomada no julgamento conjunto de dois processos: ARE 1524619 (Tema 1382) e ACO 1560. Venceu a posi\u00e7\u00e3o apresentada pelo ministro Cristiano Zanin.\u00a0<\/span><\/p>\n<p><span>A tese aprovada foi a seguinte:<\/span><\/p>\n<p><span>\u201c1 \u2013 O Minist\u00e9rio P\u00fablico \u00e9 institui\u00e7\u00e3o permanente, essencial \u00e0 fun\u00e7\u00e3o jurisdicional do Estado, incumbindo-lhe a defesa da ordem jur\u00eddica, do regime democr\u00e1tico e dos interesses sociais e individuais indispon\u00edveis, n\u00e3o sendo poss\u00edvel sua condena\u00e7\u00e3o ao pagamento de despesas processuais e honor\u00e1rios de sucumb\u00eancia, sob pena de ferimento \u00e0 sua independ\u00eancia e autonomia. <\/span><\/p>\n<p><span>2 \u2013 quando houver necessidade de arcar com encargos financeiros relacionados a produ\u00e7\u00e3o de prova pericial requerida pelo MP o custeio dever\u00e1 ser suportado pelo \u00f3rg\u00e3o ministerial mediante suas dota\u00e7\u00f5es or\u00e7ament\u00e1rias pr\u00f3prias (art.127 \u00a7 3 da Constitui\u00e7\u00e3o) observado o regime do artigo 91 do CPC inclusive quanto a possibilidade de adiantamento havendo previs\u00e3o or\u00e7ament\u00e1ria ou de pagamento diferido nos termos legais\u201d.<\/span><\/p>\n<p class=\"jota-cta\"><a href=\"https:\/\/conteudo.jota.info\/marketing-lp-newsletter-ultimas-noticias?utm_source=jota&amp;utm_medium=lp&amp;utm_campaign=23-09-2024-jota-lp-eleicoes-2024-eleicoes-2024-none-audiencias-none&amp;utm_content=eleicoes-2024&amp;utm_term=none\"><span>Assine gratuitamente a newsletter \u00daltimas Not\u00edcias do <span class=\"jota\">JOTA<\/span> e receba as principais not\u00edcias jur\u00eddicas e pol\u00edticas do dia no seu email<\/span><\/a><\/p>","protected":false},"excerpt":{"rendered":"<p>O Supremo Tribunal Federal (STF) decidiu nesta quarta-feira (29\/4) que o Minist\u00e9rio P\u00fablico n\u00e3o pode ser condenado ao pagamento de custas e despesas processuais e de honor\u00e1rios, caso perca uma a\u00e7\u00e3o judicial. Por outro lado, a Corte decidiu que o MP precisa pagar valores relacionados \u00e0 produ\u00e7\u00e3o de per\u00edcias para levantamento de provas, quando for [&hellip;]<\/p>\n","protected":false},"author":0,"featured_media":0,"comment_status":"open","ping_status":"open","sticky":false,"template":"","format":"standard","meta":[],"categories":[1],"tags":[],"_links":{"self":[{"href":"https:\/\/aprimora.site\/carvalhoalmeidaadvogados\/wp-json\/wp\/v2\/posts\/22459"}],"collection":[{"href":"https:\/\/aprimora.site\/carvalhoalmeidaadvogados\/wp-json\/wp\/v2\/posts"}],"about":[{"href":"https:\/\/aprimora.site\/carvalhoalmeidaadvogados\/wp-json\/wp\/v2\/types\/post"}],"replies":[{"embeddable":true,"href":"https:\/\/aprimora.site\/carvalhoalmeidaadvogados\/wp-json\/wp\/v2\/comments?post=22459"}],"version-history":[{"count":0,"href":"https:\/\/aprimora.site\/carvalhoalmeidaadvogados\/wp-json\/wp\/v2\/posts\/22459\/revisions"}],"wp:attachment":[{"href":"https:\/\/aprimora.site\/carvalhoalmeidaadvogados\/wp-json\/wp\/v2\/media?parent=22459"}],"wp:term":[{"taxonomy":"category","embeddable":true,"href":"https:\/\/aprimora.site\/carvalhoalmeidaadvogados\/wp-json\/wp\/v2\/categories?post=22459"},{"taxonomy":"post_tag","embeddable":true,"href":"https:\/\/aprimora.site\/carvalhoalmeidaadvogados\/wp-json\/wp\/v2\/tags?post=22459"}],"curies":[{"name":"wp","href":"https:\/\/api.w.org\/{rel}","templated":true}]}}