{"id":22457,"date":"2026-04-29T19:55:37","date_gmt":"2026-04-29T22:55:37","guid":{"rendered":"https:\/\/aprimora.site\/carvalhoalmeidaadvogados\/?p=22457"},"modified":"2026-04-29T19:55:37","modified_gmt":"2026-04-29T22:55:37","slug":"voce-ve-voce-age-trt-15-promove-seminario-contra-a-exploracao-sexual-infantil-nos-dias-6-e-7-de-maio","status":"publish","type":"post","link":"https:\/\/aprimora.site\/carvalhoalmeidaadvogados\/2026\/04\/29\/voce-ve-voce-age-trt-15-promove-seminario-contra-a-exploracao-sexual-infantil-nos-dias-6-e-7-de-maio\/","title":{"rendered":"\u201cVoc\u00ea v\u00ea, voc\u00ea age!\u201d: TRT-15 promove semin\u00e1rio contra a explora\u00e7\u00e3o sexual infantil nos dias 6 e 7 de maio"},"content":{"rendered":"<p><span>\u201cVoc\u00ea v\u00ea, voc\u00ea age!\u201d: TRT-15 promove semin\u00e1rio contra a explora\u00e7\u00e3o sexual infantil nos dias 6 e 7 de maio<\/span><\/p>\n<div>  <a href=\"https:\/\/trt15.jus.br\/noticia\/2026\/voce-ve-voce-age-trt-15-promove-seminario-contra-exploracao-sexual-infantil-nos-dias-6\"><\/a>\n<\/div>\n<p><span><span>anasiqueira<\/span><\/span><\/p>\n<p><span>Qua, 29\/04\/2026 &#8211; 16:55<\/span><\/p>\n<div>\n<div>\u201cVoc\u00ea v\u00ea, voc\u00ea age!\u201d: TRT-15 promove semin\u00e1rio contra a explora\u00e7\u00e3o sexual infantil nos dias 6 e 7 de maio<\/div>\n<\/div>\n<div>\n<div class=\"visually-hidden\">Conte\u00fado da Not\u00edcia<\/div>\n<div>\n<p>O Tribunal Regional do Trabalho da 15\u00aa Regi\u00e3o, por meio do Comit\u00ea de Erradica\u00e7\u00e3o do Trabalho Infantil e de Est\u00edmulo \u00e0 Aprendizagem e do Comit\u00ea Regional do Trabalho Seguro, e em parceria com a Universidade de Ribeir\u00e3o Preto (Unaerp), promove nos dias 6 e 7 de maio o semin\u00e1rio &#8220;Maio Laranja: Voc\u00ea v\u00ea, voc\u00ea age!&#8221;. O evento, sediado no audit\u00f3rio da Unaerp, em Ribeir\u00e3o Preto, integra a mobiliza\u00e7\u00e3o nacional contra a explora\u00e7\u00e3o sexual de crian\u00e7as e adolescentes.<\/p>\n<p>Com foco nos desafios institucionais e nos impactos da era digital, o semin\u00e1rio contar\u00e1 com transmiss\u00e3o simult\u00e2nea pela TV Unaerp e tem como p\u00fablico-alvo magistrados, advogados, professores, servidores p\u00fablicos e estudantes de Direito.<\/p>\n<p><strong>Programa\u00e7\u00e3o:<\/strong><\/p>\n<p><strong>6 de maio (quarta-feira)<\/strong><\/p>\n<p>19h00 \u2013 Apresenta\u00e7\u00e3o cultural<\/p>\n<p>19h20 \u2013 Mesa de Abertura<\/p>\n<p>19h50 \u2013 Palestra Magna: Desafios Institucionais no Enfrentamento \u00e0 Explora\u00e7\u00e3o Sexual de Crian\u00e7as e Adolescentes no Meio Digital.<\/p>\n<p>Palestrante: desembargador Edison dos Santos Pelegrini (vice-corregedor do TRT-15).<\/p>\n<p>Coordena\u00e7\u00e3o: desembargador Marcos da Silva Porto (TRT-15).<\/p>\n<p>20h50 \u2013 Mesa de Debates: Maio Laranja: Justi\u00e7a, Prote\u00e7\u00e3o e Responsabiliza\u00e7\u00e3o no Combate ao Ass\u00e9dio Sexual de Crian\u00e7as e Adolescentes.<\/p>\n<p>Debatedores: procuradora Regina Duarte da Silva (MPT-15) e procurador estadual Luciano Alves Rossato (SP).<\/p>\n<p>Coordena\u00e7\u00e3o: desembargador Samuel Hugo Lima (TRT-15).<\/p>\n<p><strong>7 de maio (quinta-feira)<\/strong><\/p>\n<p>8h00 \u2013 Apresenta\u00e7\u00e3o Cultural<\/p>\n<p>8h30 \u2013 Palestra: Sa\u00fade Mental e Prote\u00e7\u00e3o na Era Digital &#8211; Os Impactos da Internet na Inf\u00e2ncia e Adolesc\u00eancia.<\/p>\n<p>Palestrante: Rodrigo de Almeida Luz (m\u00e9dico psiquiatra da inf\u00e2ncia e adolesc\u00eancia).<\/p>\n<p>Debatedoras: Marina de Siqueira Ferreira Zerbinatti (ju\u00edza do TRT-15) e Renata Abduch (m\u00e9dica do Hospital das Cl\u00ednicas de Ribeir\u00e3o Preto).<\/p>\n<p>10h00 \u2013 Atividade em Grupo<\/p>\n<p>Organiza\u00e7\u00e3o: Equipe do Servi\u00e7o de Aten\u00e7\u00e3o \u00e0 Viol\u00eancia Dom\u00e9stica e Agress\u00e3o Sexual (SEAVIDAS).<\/p>\n<p>11h00 \u2013 Encerramento<\/p>\n<p>Premia\u00e7\u00e3o de Concurso Liter\u00e1rio e entrega de certificados e men\u00e7\u00f5es honrosas.<\/p>\n<p><strong>Servi\u00e7o<\/strong><\/p>\n<p><strong>Local: <\/strong>Audit\u00f3rio da Unaerp (Av. Cost\u00e1bile Romano, 2201 \u2013 Nova Ribeir\u00e2nia, Ribeir\u00e3o Preto\/SP).<\/p>\n<p><strong>Carga hor\u00e1ria: <\/strong>6 horas<\/p>\n<p><a href=\"https:\/\/www3.unaerp.br\/SysEventos\/view\/pages\/inscricao\/index.xhtml?id=732\">Clique para se inscrever<\/a><\/p>\n<\/div><\/div>\n<div>\n<div>Unidade Respons\u00e1vel:<\/div>\n<div>Comunica\u00e7\u00e3o Social<\/div>\n<\/div>\n<div>Qua, 29\/04\/2026 &#8211; 16:55<\/div>\n<p>      <span class=\"a2a_kit a2a_kit_size_16 addtoany_list\"><a class=\"a2a_dd addtoany_share\" href=\"https:\/\/www.addtoany.com\/share#url=https%3A%2F%2Ftrt15.jus.br%2Fnoticia%2F2026%2Fvoce-ve-voce-age-trt-15-promove-seminario-contra-exploracao-sexual-infantil-nos-dias-6&amp;title=%E2%80%9CVoc%C3%AA%20v%C3%AA%2C%20voc%C3%AA%20age%21%E2%80%9D%3A%20TRT-15%20promove%20semin%C3%A1rio%20contra%20a%20explora%C3%A7%C3%A3o%20sexual%20infantil%20nos%20dias%206%20e%207%20de%20maio\"><\/a><a class=\"a2a_button_whatsapp\"><\/a><a class=\"a2a_button_google_gmail\"><\/a><a class=\"a2a_button_twitter\"><\/a><a class=\"a2a_button_facebook\"><\/a><a class=\"a2a_button_linkedin\"><\/a><\/span><\/p>","protected":false},"excerpt":{"rendered":"<p>\u201cVoc\u00ea v\u00ea, voc\u00ea age!\u201d: TRT-15 promove semin\u00e1rio contra a explora\u00e7\u00e3o sexual infantil nos dias 6 e 7 de maio anasiqueira Qua, 29\/04\/2026 &#8211; 16:55 \u201cVoc\u00ea v\u00ea, voc\u00ea age!\u201d: TRT-15 promove semin\u00e1rio contra a explora\u00e7\u00e3o sexual infantil nos dias 6 e 7 de maio Conte\u00fado da Not\u00edcia O Tribunal Regional do Trabalho da 15\u00aa Regi\u00e3o, por [&hellip;]<\/p>\n","protected":false},"author":0,"featured_media":22458,"comment_status":"open","ping_status":"open","sticky":false,"template":"","format":"standard","meta":[],"categories":[1],"tags":[],"_links":{"self":[{"href":"https:\/\/aprimora.site\/carvalhoalmeidaadvogados\/wp-json\/wp\/v2\/posts\/22457"}],"collection":[{"href":"https:\/\/aprimora.site\/carvalhoalmeidaadvogados\/wp-json\/wp\/v2\/posts"}],"about":[{"href":"https:\/\/aprimora.site\/carvalhoalmeidaadvogados\/wp-json\/wp\/v2\/types\/post"}],"replies":[{"embeddable":true,"href":"https:\/\/aprimora.site\/carvalhoalmeidaadvogados\/wp-json\/wp\/v2\/comments?post=22457"}],"version-history":[{"count":0,"href":"https:\/\/aprimora.site\/carvalhoalmeidaadvogados\/wp-json\/wp\/v2\/posts\/22457\/revisions"}],"wp:featuredmedia":[{"embeddable":true,"href":"https:\/\/aprimora.site\/carvalhoalmeidaadvogados\/wp-json\/wp\/v2\/media\/22458"}],"wp:attachment":[{"href":"https:\/\/aprimora.site\/carvalhoalmeidaadvogados\/wp-json\/wp\/v2\/media?parent=22457"}],"wp:term":[{"taxonomy":"category","embeddable":true,"href":"https:\/\/aprimora.site\/carvalhoalmeidaadvogados\/wp-json\/wp\/v2\/categories?post=22457"},{"taxonomy":"post_tag","embeddable":true,"href":"https:\/\/aprimora.site\/carvalhoalmeidaadvogados\/wp-json\/wp\/v2\/tags?post=22457"}],"curies":[{"name":"wp","href":"https:\/\/api.w.org\/{rel}","templated":true}]}}