{"id":22453,"date":"2026-04-29T16:58:24","date_gmt":"2026-04-29T19:58:24","guid":{"rendered":"https:\/\/aprimora.site\/carvalhoalmeidaadvogados\/2026\/04\/29\/ninguem-pode-ser-investigado-a-vida-toda-diz-messias-sobre-inquerito-das-fake-news\/"},"modified":"2026-04-29T16:58:24","modified_gmt":"2026-04-29T19:58:24","slug":"ninguem-pode-ser-investigado-a-vida-toda-diz-messias-sobre-inquerito-das-fake-news","status":"publish","type":"post","link":"https:\/\/aprimora.site\/carvalhoalmeidaadvogados\/2026\/04\/29\/ninguem-pode-ser-investigado-a-vida-toda-diz-messias-sobre-inquerito-das-fake-news\/","title":{"rendered":"\u2018Ningu\u00e9m pode ser investigado a vida toda\u2019, diz Messias sobre inqu\u00e9rito das fake news"},"content":{"rendered":"<p>O ministro da Advocacia-Geral da Uni\u00e3o (<a href=\"https:\/\/www.jota.info\/tudo-sobre\/advocacia-geral-da-uniao-agu\">AGU<\/a>) e indicado ao Supremo Tribunal Federal (<a href=\"https:\/\/www.jota.info\/stf\">STF<\/a>), <a href=\"https:\/\/www.jota.info\/tudo-sobre\/jorge-messias\">Jorge Messias<\/a>, criticou nesta quarta-feira (29\/4), durante sabatina na Comiss\u00e3o de Constitui\u00e7\u00e3o e Justi\u00e7a (CCJ) do Senado, a dura\u00e7\u00e3o prolongada de investiga\u00e7\u00f5es e afirmou que \u201cningu\u00e9m pode ser investigado a vida toda\u201d. Ele havia sido questionado sobre o inqu\u00e9rito da fake news, aberto h\u00e1 sete anos e sem conclus\u00e3o. O ministro Alexandre de Moraes \u00e9 relator da a\u00e7\u00e3o, que tramita em sigilo.<\/p>\n<p>\u201cMeu compromisso, como operador do direito, como jurista, \u00e9 o cumprimento fiel da Constitui\u00e7\u00e3o. Eu n\u00e3o posso desconhecer o princ\u00edpio da dura\u00e7\u00e3o razo\u00e1vel do processo. Ningu\u00e9m pode ser investigado a vida toda. N\u00e3o \u00e9 s\u00f3 no inqu\u00e9rito da fake news, \u00e9 em qualquer inqu\u00e9rito\u201d, disse aos senadores.<\/p>\n<h3><a href=\"https:\/\/www.jota.info\/produtos\/poder?utm_source=cta-site&amp;utm_medium=site&amp;utm_campaign=campanha_poder_q2&amp;utm_id=cta_texto_poder_q2_2023&amp;utm_term=cta_texto_poder&amp;utm_term=cta_texto_poder_meio_materias\"><span>Conhe\u00e7a o <span class=\"jota\">JOTA<\/span> PRO Poder, plataforma de monitoramento que oferece transpar\u00eancia e previsibilidade para empresas<\/span><\/a><\/h3>\n<p>O inqu\u00e9rito das fake news foi instaurado em 2019 pelo ent\u00e3o presidente do STF, Dias Toffoli, que designou o ministro Alexandre de Moraes como relator sem sorteio. A investiga\u00e7\u00e3o apura a dissemina\u00e7\u00e3o de not\u00edcias falsas, amea\u00e7as e ataques a integrantes da Corte. Est\u00e1 em tramita\u00e7\u00e3o h\u00e1 cerca de sete anos, o que tem gerado cr\u00edticas sobre sua dura\u00e7\u00e3o e alcance.<\/p>\n<p>Aos senadores, o AGU disse que dura\u00e7\u00e3o razo\u00e1vel do processo \u00e9 uma garantia constitucional e deve ser observada em todas as investiga\u00e7\u00f5es. Para ele, a aus\u00eancia de limites pode levar a distor\u00e7\u00f5es. \u201cA diferen\u00e7a da dura\u00e7\u00e3o razo\u00e1vel do processo \u00e9 o inqu\u00e9rito eterno. O inqu\u00e9rito eterno \u00e9 o arb\u00edtrio, e o arb\u00edtrio \u00e9 o que a democracia veio coibir\u201d, disse.<\/p>\n<p>Messias tamb\u00e9m defendeu que o processo penal deve ter \u201ccome\u00e7o, meio e fim\u201d e n\u00e3o pode ser conduzido como instrumento de puni\u00e7\u00e3o antecipada. \u201cProcesso penal n\u00e3o \u00e9 ato de vingan\u00e7a. Processo penal \u00e9 ato de justi\u00e7a\u201d, afirmou, acrescentando que o devido processo legal precisa ser efetivo, e n\u00e3o apenas formal.<\/p>","protected":false},"excerpt":{"rendered":"<p>O ministro da Advocacia-Geral da Uni\u00e3o (AGU) e indicado ao Supremo Tribunal Federal (STF), Jorge Messias, criticou nesta quarta-feira (29\/4), durante sabatina na Comiss\u00e3o de Constitui\u00e7\u00e3o e Justi\u00e7a (CCJ) do Senado, a dura\u00e7\u00e3o prolongada de investiga\u00e7\u00f5es e afirmou que \u201cningu\u00e9m pode ser investigado a vida toda\u201d. Ele havia sido questionado sobre o inqu\u00e9rito da fake [&hellip;]<\/p>\n","protected":false},"author":0,"featured_media":0,"comment_status":"open","ping_status":"open","sticky":false,"template":"","format":"standard","meta":[],"categories":[1],"tags":[],"_links":{"self":[{"href":"https:\/\/aprimora.site\/carvalhoalmeidaadvogados\/wp-json\/wp\/v2\/posts\/22453"}],"collection":[{"href":"https:\/\/aprimora.site\/carvalhoalmeidaadvogados\/wp-json\/wp\/v2\/posts"}],"about":[{"href":"https:\/\/aprimora.site\/carvalhoalmeidaadvogados\/wp-json\/wp\/v2\/types\/post"}],"replies":[{"embeddable":true,"href":"https:\/\/aprimora.site\/carvalhoalmeidaadvogados\/wp-json\/wp\/v2\/comments?post=22453"}],"version-history":[{"count":0,"href":"https:\/\/aprimora.site\/carvalhoalmeidaadvogados\/wp-json\/wp\/v2\/posts\/22453\/revisions"}],"wp:attachment":[{"href":"https:\/\/aprimora.site\/carvalhoalmeidaadvogados\/wp-json\/wp\/v2\/media?parent=22453"}],"wp:term":[{"taxonomy":"category","embeddable":true,"href":"https:\/\/aprimora.site\/carvalhoalmeidaadvogados\/wp-json\/wp\/v2\/categories?post=22453"},{"taxonomy":"post_tag","embeddable":true,"href":"https:\/\/aprimora.site\/carvalhoalmeidaadvogados\/wp-json\/wp\/v2\/tags?post=22453"}],"curies":[{"name":"wp","href":"https:\/\/api.w.org\/{rel}","templated":true}]}}