{"id":22450,"date":"2026-04-29T16:03:06","date_gmt":"2026-04-29T19:03:06","guid":{"rendered":"https:\/\/aprimora.site\/carvalhoalmeidaadvogados\/2026\/04\/29\/cortejado-por-flavio-e-repelido-por-nikolas-quem-e-cleitinho-lider-das-pesquisas-em-mg\/"},"modified":"2026-04-29T16:03:06","modified_gmt":"2026-04-29T19:03:06","slug":"cortejado-por-flavio-e-repelido-por-nikolas-quem-e-cleitinho-lider-das-pesquisas-em-mg","status":"publish","type":"post","link":"https:\/\/aprimora.site\/carvalhoalmeidaadvogados\/2026\/04\/29\/cortejado-por-flavio-e-repelido-por-nikolas-quem-e-cleitinho-lider-das-pesquisas-em-mg\/","title":{"rendered":"Cortejado por Fl\u00e1vio e repelido por Nikolas, quem \u00e9 Cleitinho, l\u00edder das pesquisas em MG"},"content":{"rendered":"<p><span>O futuro da elei\u00e7\u00e3o em Minas Gerais, segundo maior col\u00e9gio eleitoral do pa\u00eds, neste momento se confunde com o de Cleitinho Azevedo (Republicanos). L\u00edder at\u00e9 agora em todas as pesquisas de inten\u00e7\u00e3o de voto para o Pal\u00e1cio da Liberdade, o senador de 44 anos de idade permanece, a cinco meses do primeiro turno, indeciso diante de dois cen\u00e1rios que podem alterar os rumos da campanha no estado: levar at\u00e9 o fim sua candidatura ou desistir dela para apoiar a reelei\u00e7\u00e3o do governador Mateus Sim\u00f5es (PSD). Essa escolha ter\u00e1 reflexos diretos e importantes na disputa pelo Pal\u00e1cio do Planalto.\u00a0<\/span><\/p>\n<p class=\"jota-cta\"><a href=\"https:\/\/www.jota.info\/produtos\/poder?utm_source=cta-site&amp;utm_medium=site&amp;utm_campaign=campanha_poder_q2&amp;utm_id=cta_texto_poder_q2_2023&amp;utm_term=cta_texto_poder&amp;utm_term=cta_texto_poder_meio_materias\"><span>Conhe\u00e7a o <span class=\"jota\">JOTA<\/span> PRO Poder, plataforma de monitoramento que oferece transpar\u00eancia e previsibilidade para empresas<\/span><\/a><\/p>\n<p><span>Entre essa dicotomia cl\u00e1ssica de \u201cser ou n\u00e3o ser candidato\u201d, no entanto, existem as nuances que somente a pol\u00edtica mineira pode comportar. Quase todas elas decorrem do fato de Cleitinho cultivar um estilo \u201coutsider\u201d no campo da atual centro-direita brasileira, pois n\u00e3o comunga de todos os dogmas ideol\u00f3gicos dos grupos radicais aglutinados sob o guarda-chuvas do ex-presidente <a href=\"https:\/\/www.jota.info\/tudo-sobre\/jair-bolsonaro\">Jair Bolsonaro<\/a> (PL) e seus familiares.<\/span><\/p>\n<p>Em outros termos, ele preserva a est\u00e9tica e o discurso de quem est\u00e1 \u201cfora\u201d ou \u201ccontra\u201d o sistema, assim como os Bolsonaros, mas n\u00e3o segue o ex-presidente e seus filhos Fl\u00e1vio, Carlos e Eduardo com a fidelidade canina demonstrada por outros expoentes da direita brasileira. Desse modo, j\u00e1 criticou a escala 6\u00d71 e o pagamento de pens\u00f5es por parte do Estado a parentes de militares.<\/p>\n<p><span>Embora seja do Republicanos, Cleitinho tamb\u00e9m n\u00e3o pode ser resumido como um pol\u00edtico cl\u00e1ssico do Centr\u00e3o, capaz de trafegar com desenvoltura entre todos os nichos de poder, ora apoiando a direita, ora apoiando a esquerda, dependendo de quem est\u00e1 \u00e0 frente dos governos. O senador \u00e9 de oposi\u00e7\u00e3o ao presidente <a href=\"https:\/\/www.jota.info\/tudo-sobre\/lula\">Lula<\/a> (PT).<\/span><\/p>\n<h2>Isolamento e desconfian\u00e7a<\/h2>\n<p><span>Cleitinho se autodefine como um \u201cindependente\u201d. O pre\u00e7o dessa suposta independ\u00eancia, no entanto, \u00e9 o isolamento pol\u00edtico de seu grupo em Minas, restrito, basicamente, ao Republicanos e a alguns poucos apoios de prefeitos e deputados estaduais de outros partidos, incluindo o PL e Novo.<\/span><\/p>\n<p>Esse condi\u00e7\u00f5es ajudou seus advers\u00e1rios a propagarem a ideia de que, uma vez eleito governador, Cleitinho n\u00e3o ter\u00e1 estofo nem preparo para comandar um estado t\u00e3o complexo como Minas Gerais. O senador tem procurado rebater essas afirma\u00e7\u00f5es, mas a desconfian\u00e7a se alastrou at\u00e9 para o setor privado.<\/p>\n<p><span>Em busca de romper essas barreiras e garantir estrutura para uma campanha em um estado t\u00e3o grande e diverso como Minas, Cleitinho, como ele ficou conhecido, deve se encontrar nos pr\u00f3ximos dias com seu colega <a href=\"https:\/\/www.jota.info\/tudo-sobre\/flavio-bolsonaro\">Fl\u00e1vio Bolsonaro<\/a> (PL), pr\u00e9-candidato a presidente da Rep\u00fablica. Se os dois senadores se entenderem e fecharem um acordo, os rumos das elei\u00e7\u00f5es no estado mudar\u00e3o definitivamente.<\/span><\/p>\n<p><span>Cleitinho pode oferecer a Fl\u00e1vio o que ele ainda n\u00e3o tem: um palanque forte em Minas, estado conhecido por influenciar diretamente na vit\u00f3ria ou derrota dos candidatos a presidente. Desde a redemocratiza\u00e7\u00e3o (1985), o presidenci\u00e1vel vencedor no estado sobe a rampa do Planalto meses depois. De seu lado, o filho mais velho de Jair Bolsonaro dar\u00e1 a seu colega senador uma coliga\u00e7\u00e3o robusta, ancorada na for\u00e7a nacional do PL e em seus recursos.<\/span><\/p>\n<h2>For\u00e7a nas pesquisas<\/h2>\n<p><span>Segundo a mais recente pesquisa Genial Quaest para o governo de Minas, Cleitinho Azevedo, lidera em todos os cen\u00e1rios em que aparece, nos dois turnos. Ele tem entre 30% e 37% das inten\u00e7\u00f5es de voto no primeiro turno, \u00e0 frente do ex-prefeito de Belo Horizonte Alexandre Kalil (PDT), que tem entre 14% e 18%, do senador Rodrigo Pacheco (PSB), que tem entre 8% e 12%, e de Sim\u00f5es, entre 3% e 5%. Uma vantagem expressiva.<\/span><\/p>\n<p><span>Esse bom desempenho de Cleitinho e sua ampla capacidade de se comunicar de maneira direta, sem rodeios, com a popula\u00e7\u00e3o, fazem com que advers\u00e1rios, especialmente, Sim\u00f5es, aliado do ex-governador Romeu Zema (Novo), de quem era vice, atuem neste momento no sentido de convenc\u00ea-lo a desistir da candidatura pr\u00f3pria.<\/span><\/p>\n<p><span>No campo oposto, Pacheco, apoiado pelo presidente Lula (PT), trabalha para que o senador leve at\u00e9 o fim seu projeto eleitoral de comandar Minas, mas sem se aliar a Fl\u00e1vio e ao PL. Na avalia\u00e7\u00e3o do grupo formado em torno da prov\u00e1vel pr\u00e9-candidatura de Pacheco, Cleitinho j\u00e1 bateu no seu teto eleitoral e sua candidatura ter\u00e1 \u201cf\u00f4lego curto\u201d com uma estrutura de campanha restrita basicamente ao Republicanos.<\/span><\/p>\n<h2><span>Fator Nikolas<\/span><\/h2>\n<p><span>Para Sim\u00f5es, a desist\u00eancia de Cleitinho tiraria de sua frente um advers\u00e1rio direito na disputa pelo eleitorado decentro e de direita. O atual governador conta com um aliado importante nessa miss\u00e3o de tirar o senador da elei\u00e7\u00e3o: o deputado federal <a href=\"https:\/\/www.jota.info\/tudo-sobre\/nikolas-ferreira\">Nikolas Ferreira<\/a>, uma \u201cestrela\u201d do PL que em Minas j\u00e1 deixou claro n\u00e3o estar disposto a se aliar a Cleitinho nem mesmo apoiar um candidato de seu partido, uma das op\u00e7\u00f5es colocadas para Fl\u00e1vio.<\/span><\/p>\n<p><span>Nikolas e Sim\u00f5es querem ter o Republicanos na alian\u00e7a em torno do governador e, nos bastidores, oferecem ao grupo de Cleitinho uma das duas vagas da chapa ao Senado ou mesmo o posto de vice. Por\u00e9m, h\u00e1 resist\u00eancias entre os aliados de Cleitinho em compor com a dupla, pois entendem que os compromissos j\u00e1 assumidos ppr ambos com outros partidos deixar\u00e3o o Republicanos sem espa\u00e7o.\u00a0<\/span><\/p>\n<p><span>Ainda sem palanque em Minas, Fl\u00e1vio costura um acordo para Cleitinho apoiar o deputado federal Domingos S\u00e1vio (PL) na disputa pelo Senado e indicar o vice da chapa. Esses termos consolidariam a alian\u00e7a Republicanos-PL com os dois colegas senadores como candidatos a presidente e governador, respectivamente. Na tentativa de frear essa aproxima\u00e7\u00e3o, Sim\u00f5es sinaliza tamb\u00e9m abrir seu palanque, j\u00e1 prometido a Zema, tamb\u00e9m a Fl\u00e1vio e a Ronaldo Caiado, o presidenci\u00e1vel de seu partido, o PSD.<\/span><\/p>\n<p class=\"jota-cta\"><a href=\"https:\/\/conteudo.jota.info\/marketing-lp-newsletter-ultimas-noticias?utm_source=jota&amp;utm_medium=lp&amp;utm_campaign=23-09-2024-jota-lp-eleicoes-2024-eleicoes-2024-none-audiencias-none&amp;utm_content=eleicoes-2024&amp;utm_term=none\"><span>Assine gratuitamente a newsletter \u00daltimas Not\u00edcias do <span class=\"jota\">JOTA<\/span> e receba as principais not\u00edcias jur\u00eddicas e pol\u00edticas do dia no seu email<\/span><\/a><\/p>\n<p><span>Nos bastidores da pol\u00edtica mineira, a resist\u00eancia de Nikolas \u00e0 alian\u00e7a entre Fl\u00e1vio e Cleitinho \u00e9 interpretada como uma tentativa de dificultar o projeto da fam\u00edlia Bolsonaro de voltar \u00e0 Presid\u00eancia da Rep\u00fablica. O deputado, um dos mais votados do pa\u00eds e l\u00edder emergente da direita, est\u00e1 em rota de colis\u00e3o com os filhos do ex-presidente Bolsonaro e teria um projeto pr\u00f3prio de apoiar Tarc\u00edsio de Freitas (Republicanos-SP) ao Planalto em 2030 que seria facilitado com a derrota de Fl\u00e1vio.\u00a0\u00a0<\/span><\/p>\n<p><span>Se a negocia\u00e7\u00e3o com Cleitinho n\u00e3o der certo, Fl\u00e1vio dever\u00e1 lan\u00e7ar para o governo Fl\u00e1vio Roscoe (PL), ex-presidente da Federa\u00e7\u00e3o das Ind\u00fastrias de Minas Gerais. Ciente desse movimento, o grupo de Sim\u00f5es e Nikolas passaram a acenar com a possibilidade de Roscoe ser vice do atual governador. O objeto \u00e9 um s\u00f3: manter Cleitinho isolado politicamente.<\/span><\/p>\n<h2><span>Cantor e compositor<\/span><\/h2>\n<p><span>Segundo seus interlocutores e advers\u00e1rios em Minas e no Senado, Cleitinho n\u00e3o \u00e9 um pol\u00edtico afeito a ideologias. N\u00e3o por outro motivo, ele se define como \u201cindependente\u201d e vive entre a proximidade e o afastamento em rela\u00e7\u00e3o \u00e0 fam\u00edlia Bolsonaro. Sua trajet\u00f3ria o define mais como um populista tradicional de direita que aprendeu a fazer bom uso do mundo digital, mas especificamente, das redes.<\/span><\/p>\n<p><span>Natural de Divin\u00f3polis (MG), Cleiton Gontijo de Azevedo foi vereador de sua cidade natal e deputado estadual antes de ser eleito senador em 2022 (mandato de oito anos). A carreira mete\u00f3rica na pol\u00edtica, iniciada em 2016, foi constru\u00edda por uma narrativa, reverberada nas redes sociais, de combate a privil\u00e9gios e fiscaliza\u00e7\u00e3o do dinheiro p\u00fablico. Cleitinho j\u00e1 trabalhou como m\u00fasico profissional e cantor. \u00c9 cat\u00f3lico, casado e pai de dois filhos.\u00a0<\/span><\/p>\n<p>J\u00e1 lan\u00e7ou um \u00e1lbum na plataforma Spotify intitulado \u201cAs Melhores do Cleitinho\u201d. Uma das faixas \u00e9 \u201cOpala do Cleitinho\u201d. De vez em quando, mesmo ocupando o cargo de senador, ainda se apresenta em shows e festas.<\/p>\n<p>\u00a0<\/p>\n<p>\u00a0<\/p>\n<p>\u00a0<\/p>\n<p>\u00a0<\/p>","protected":false},"excerpt":{"rendered":"<p>O futuro da elei\u00e7\u00e3o em Minas Gerais, segundo maior col\u00e9gio eleitoral do pa\u00eds, neste momento se confunde com o de Cleitinho Azevedo (Republicanos). L\u00edder at\u00e9 agora em todas as pesquisas de inten\u00e7\u00e3o de voto para o Pal\u00e1cio da Liberdade, o senador de 44 anos de idade permanece, a cinco meses do primeiro turno, indeciso diante [&hellip;]<\/p>\n","protected":false},"author":0,"featured_media":0,"comment_status":"open","ping_status":"open","sticky":false,"template":"","format":"standard","meta":[],"categories":[1],"tags":[],"_links":{"self":[{"href":"https:\/\/aprimora.site\/carvalhoalmeidaadvogados\/wp-json\/wp\/v2\/posts\/22450"}],"collection":[{"href":"https:\/\/aprimora.site\/carvalhoalmeidaadvogados\/wp-json\/wp\/v2\/posts"}],"about":[{"href":"https:\/\/aprimora.site\/carvalhoalmeidaadvogados\/wp-json\/wp\/v2\/types\/post"}],"replies":[{"embeddable":true,"href":"https:\/\/aprimora.site\/carvalhoalmeidaadvogados\/wp-json\/wp\/v2\/comments?post=22450"}],"version-history":[{"count":0,"href":"https:\/\/aprimora.site\/carvalhoalmeidaadvogados\/wp-json\/wp\/v2\/posts\/22450\/revisions"}],"wp:attachment":[{"href":"https:\/\/aprimora.site\/carvalhoalmeidaadvogados\/wp-json\/wp\/v2\/media?parent=22450"}],"wp:term":[{"taxonomy":"category","embeddable":true,"href":"https:\/\/aprimora.site\/carvalhoalmeidaadvogados\/wp-json\/wp\/v2\/categories?post=22450"},{"taxonomy":"post_tag","embeddable":true,"href":"https:\/\/aprimora.site\/carvalhoalmeidaadvogados\/wp-json\/wp\/v2\/tags?post=22450"}],"curies":[{"name":"wp","href":"https:\/\/api.w.org\/{rel}","templated":true}]}}