{"id":22447,"date":"2026-04-29T14:05:30","date_gmt":"2026-04-29T17:05:30","guid":{"rendered":"https:\/\/aprimora.site\/carvalhoalmeidaadvogados\/2026\/04\/29\/com-reeleicao-ameacada-lula-acelera-operacao-caca-voto-com-medidas-de-apelo-popular\/"},"modified":"2026-04-29T14:05:30","modified_gmt":"2026-04-29T17:05:30","slug":"com-reeleicao-ameacada-lula-acelera-operacao-caca-voto-com-medidas-de-apelo-popular","status":"publish","type":"post","link":"https:\/\/aprimora.site\/carvalhoalmeidaadvogados\/2026\/04\/29\/com-reeleicao-ameacada-lula-acelera-operacao-caca-voto-com-medidas-de-apelo-popular\/","title":{"rendered":"Com reelei\u00e7\u00e3o amea\u00e7ada, Lula acelera \u2018opera\u00e7\u00e3o ca\u00e7a-voto\u2019 com medidas de apelo popular"},"content":{"rendered":"<p>A \u00e1gua bateu no pesco\u00e7o do presidente <a href=\"https:\/\/www.jota.info\/tudo-sobre\/lula\">Luiz In\u00e1cio Lula da Silva<\/a> (PT), que decidiu, nas \u00faltimas semanas, acelerar a implementa\u00e7\u00e3o de uma s\u00e9rie de medidas com o objetivo de recuperar a popularidade perdida.<\/p>\n<p>No gesto mais recente, o Minist\u00e9rio dos Transportes decidiu nesta ter\u00e7a-feira (28\/4) suspender 3,4 milh\u00f5es de multas aplicadas no sistema de ped\u00e1gio eletr\u00f4nico nas rodovias brasileiras, os chamados \u201cfree flow\u201d. Dias antes, a contragosto dos t\u00e9cnicos da pr\u00f3pria pasta, o secret\u00e1rio-executivo da Fazenda, Dario Durigan, <a href=\"https:\/\/www.jota.info\/executivo\/governo-propoe-que-ganho-de-receita-com-petroleo-vire-corte-de-tributos-sobre-combustiveis\">havia anunciado a redu\u00e7\u00e3o das al\u00edquotas de PIS\/Cofins sobre a gasolina<\/a>, assim como j\u00e1 havia feito com o diesel. O pr\u00f3ximo alvo deve ser <a href=\"https:\/\/www.jota.info\/tributos\/fim-da-taxa-das-blusinhas-divide-integrantes-do-governo-lula\">a taxa das blusinhas, tamb\u00e9m contrariando o que defende a equipe econ\u00f4mica<\/a>.<\/p>\n<p class=\"jota-cta\"><a href=\"https:\/\/www.jota.info\/produtos\/poder?utm_source=cta-site&amp;utm_medium=site&amp;utm_campaign=campanha_poder_q2&amp;utm_id=cta_texto_poder_q2_2023&amp;utm_term=cta_texto_poder&amp;utm_term=cta_texto_poder_meio_materias\">Conhe\u00e7a o <span class=\"jota\">JOTA<\/span> PRO Poder, plataforma de monitoramento que oferece transpar\u00eancia e previsibilidade para empresas<\/a><\/p>\n<p>O movimento ocorre em um contexto delicado para o presidente. N\u00e3o tanto pelo crescimento de <a href=\"https:\/\/www.jota.info\/tudo-sobre\/flavio-bolsonaro\">Fl\u00e1vio Bolsonaro<\/a> (PL) nas pesquisas de inten\u00e7\u00e3o de voto \u2013 dado relevante, por\u00e9m secund\u00e1rio neste momento do ano eleitoral \u2013, mas pela dificuldade do petista de alavancar a pr\u00f3pria aprova\u00e7\u00e3o e a de seu governo. Em todos os levantamentos, o saldo \u00e9 negativo para Lula, que tem enorme rejei\u00e7\u00e3o, equivalente \u00e0 do rival.<\/p>\n<h2>O \u00f4nus e o b\u00f4nus de ser Lula<\/h2>\n<p>At\u00e9 recentemente, integrantes do Pal\u00e1cio do Planalto e da coordena\u00e7\u00e3o da pr\u00e9-campanha petista imaginavam que, a essa altura, Lula estaria em posi\u00e7\u00e3o mais tranquila. A isen\u00e7\u00e3o do Imposto de Renda para quem recebe at\u00e9 R$ 5 mil, aprovada no ano passado, chegou a ser considerada praticamente um passaporte para o quarto mandato. Somada ao G\u00e1s do Povo, vislumbrava-se at\u00e9 mesmo uma vit\u00f3ria com margem maior do que a de 2022, contra Jair Bolsonaro.<\/p>\n<p>Mas as medidas n\u00e3o surtiram o efeito previsto, e o que se prev\u00ea agora \u00e9 uma elei\u00e7\u00e3o talvez at\u00e9 mais apertada do que a de quatro anos atr\u00e1s. Na \u00e9poca, Lula derrotou o pai de Fl\u00e1vio com uma margem pouco acima dos 2 milh\u00f5es de votos, em um universo de 118,5 milh\u00f5es.<\/p>\n<p>O que vem se cristalizando no Pal\u00e1cio do Planalto \u00e9 a vis\u00e3o de que o problema muito provavelmente est\u00e1 na imagem do pr\u00f3prio presidente. H\u00e1 um cansa\u00e7o entre o eleitorado em rela\u00e7\u00e3o ao l\u00edder pol\u00edtico que protagoniza elei\u00e7\u00f5es desde 1989, quando o pa\u00eds consolidou seu processo de redemocratiza\u00e7\u00e3o.<\/p>\n<p>Isso cria um paradoxo: Lula continua sendo o principal ativo pol\u00edtico da esquerda, ao mesmo tempo em que se tornou um \u00f4nus para o crescimento de seu campo. Nenhum pol\u00edtico hoje tem tantos votos quanto ele, mas tampouco existe algu\u00e9m no Brasil com rejei\u00e7\u00e3o maior, exceto talvez Jair Bolsonaro.<\/p>\n<p>Diante desse quadro, qualquer voto conta e pode fazer a diferen\u00e7a em outubro. Da\u00ed a gama t\u00e3o variada de medidas, que vai das compras na Shopee \u00e0s bombas de combust\u00edvel, da folha de pagamentos aos ped\u00e1gios nas rodovias.<\/p>\n<p class=\"jota-cta\"><a href=\"https:\/\/conteudo.jota.info\/marketing-lp-newsletter-ultimas-noticias?utm_source=jota&amp;utm_medium=lp&amp;utm_campaign=23-09-2024-jota-lp-eleicoes-2024-eleicoes-2024-none-audiencias-none&amp;utm_content=eleicoes-2024&amp;utm_term=none\">Assine gratuitamente a newsletter \u00daltimas Not\u00edcias do <span class=\"jota\">JOTA<\/span> e receba as principais not\u00edcias jur\u00eddicas e pol\u00edticas do dia no seu email<\/a><\/p>\n<h2>Quem ser\u00e1 o pai do fim da taxa das blusinhas?<\/h2>\n<p>O fim da taxa das blusinhas est\u00e1 longe de ser unanimidade dentro do governo. A queda de bra\u00e7o entre a ala pol\u00edtica e a equipe econ\u00f4mica continua. Mas, com o movimento da oposi\u00e7\u00e3o no Congresso de apresentar um requerimento de urg\u00eancia para derrubar o imposto, aumentam as chances de o Executivo editar uma medida provis\u00f3ria com essa finalidade.<\/p>\n<p>Pesquisas mostram que a taxa implementada para proteger o com\u00e9rcio nacional \u00e9 considerada a medida mais impopular do atual governo. Entregar \u00e0 direita a paternidade da derrubada da taxa seria mais um duro golpe para a expectativa de perman\u00eancia de Lula no poder.<\/p>","protected":false},"excerpt":{"rendered":"<p>A \u00e1gua bateu no pesco\u00e7o do presidente Luiz In\u00e1cio Lula da Silva (PT), que decidiu, nas \u00faltimas semanas, acelerar a implementa\u00e7\u00e3o de uma s\u00e9rie de medidas com o objetivo de recuperar a popularidade perdida. No gesto mais recente, o Minist\u00e9rio dos Transportes decidiu nesta ter\u00e7a-feira (28\/4) suspender 3,4 milh\u00f5es de multas aplicadas no sistema de [&hellip;]<\/p>\n","protected":false},"author":0,"featured_media":0,"comment_status":"open","ping_status":"open","sticky":false,"template":"","format":"standard","meta":[],"categories":[1],"tags":[],"_links":{"self":[{"href":"https:\/\/aprimora.site\/carvalhoalmeidaadvogados\/wp-json\/wp\/v2\/posts\/22447"}],"collection":[{"href":"https:\/\/aprimora.site\/carvalhoalmeidaadvogados\/wp-json\/wp\/v2\/posts"}],"about":[{"href":"https:\/\/aprimora.site\/carvalhoalmeidaadvogados\/wp-json\/wp\/v2\/types\/post"}],"replies":[{"embeddable":true,"href":"https:\/\/aprimora.site\/carvalhoalmeidaadvogados\/wp-json\/wp\/v2\/comments?post=22447"}],"version-history":[{"count":0,"href":"https:\/\/aprimora.site\/carvalhoalmeidaadvogados\/wp-json\/wp\/v2\/posts\/22447\/revisions"}],"wp:attachment":[{"href":"https:\/\/aprimora.site\/carvalhoalmeidaadvogados\/wp-json\/wp\/v2\/media?parent=22447"}],"wp:term":[{"taxonomy":"category","embeddable":true,"href":"https:\/\/aprimora.site\/carvalhoalmeidaadvogados\/wp-json\/wp\/v2\/categories?post=22447"},{"taxonomy":"post_tag","embeddable":true,"href":"https:\/\/aprimora.site\/carvalhoalmeidaadvogados\/wp-json\/wp\/v2\/tags?post=22447"}],"curies":[{"name":"wp","href":"https:\/\/api.w.org\/{rel}","templated":true}]}}