{"id":22445,"date":"2026-04-29T14:05:30","date_gmt":"2026-04-29T17:05:30","guid":{"rendered":"https:\/\/aprimora.site\/carvalhoalmeidaadvogados\/2026\/04\/29\/stf-ao-vivo-desoneracao-da-folha-de-pagamentos-sessao-de-29-4-2026\/"},"modified":"2026-04-29T14:05:30","modified_gmt":"2026-04-29T17:05:30","slug":"stf-ao-vivo-desoneracao-da-folha-de-pagamentos-sessao-de-29-4-2026","status":"publish","type":"post","link":"https:\/\/aprimora.site\/carvalhoalmeidaadvogados\/2026\/04\/29\/stf-ao-vivo-desoneracao-da-folha-de-pagamentos-sessao-de-29-4-2026\/","title":{"rendered":"STF AO VIVO \u2013 Desonera\u00e7\u00e3o da folha de pagamentos \u2013 sess\u00e3o de 29\/4\/2026"},"content":{"rendered":"<p>Os ministros do Supremo Tribunal Federal (<a href=\"https:\/\/www.jota.info\/tudo-sobre\/STF\">STF<\/a>) retomam nesta quinta-feira (16\/4) o julgamento da A\u00e7\u00e3o Direta de Inconstitucionalidade <a href=\"https:\/\/portal.stf.jus.br\/processos\/detalhe.asp?incidente=6909105\">(ADI) 7633<\/a>,\u00a0que discute a desonera\u00e7\u00e3o da folha de pagamentos para 17 setores econ\u00f4micos e munic\u00edpios.<\/p>\n<p>At\u00e9 a interrup\u00e7\u00e3o, o placar estava 3 a 0 pela inconstitucionalidade dos dispositivos da <a href=\"https:\/\/www.planalto.gov.br\/ccivil_03\/_ato2023-2026\/2023\/lei\/l14784.htm\">Lei 14.784\/2023<\/a> que prorrogaram a desonera\u00e7\u00e3o. Votaram Cristiano Zanin, Edson Fachin e Gilmar Mendes. Em fevereiro do ano passado, a Advocacia-Geral da Uni\u00e3o (<a href=\"https:\/\/www.jota.info\/tudo-sobre\/AGU\">AGU<\/a>) enviou uma manifesta\u00e7\u00e3o ao Supremo em que calcula o risco de preju\u00edzo de R$ 20,23 bilh\u00f5es para os cofres p\u00fablicos por conta da desonera\u00e7\u00e3o somente em 2025.<\/p>\n<p class=\"jota-cta\"><a href=\"https:\/\/www.jota.info\/produtos\/poder?utm_source=cta-site&amp;utm_medium=site&amp;utm_campaign=campanha_poder_q2&amp;utm_id=cta_texto_poder_q2_2023&amp;utm_term=cta_texto_poder&amp;utm_term=cta_texto_poder_meio_materias\"><span>Conhe\u00e7a o <span class=\"jota\">JOTA<\/span> PRO Poder, plataforma de monitoramento que oferece transpar\u00eancia e previsibilidade para empresas<\/span><\/a><\/p>\n<p>Tamb\u00e9m est\u00e1 na pauta o Recurso Extraordin\u00e1rio com Agravo <a href=\"https:\/\/portal.stf.jus.br\/processos\/detalhe.asp?incidente=6841328\" target=\"_blank\" rel=\"noopener\"><strong>(<\/strong><strong>ARE) 1477280<\/strong><\/a>, que discute a constitucionalidade das Leis municipais 14.544 e 14.580, de 2014, que institu\u00edram novo plano de carreira para professores do munic\u00edpio de Curitiba, fixando crit\u00e9rios de progress\u00e3o. O agravo em recurso extraordin\u00e1rio foi proposto pela prefeitura contra acord\u00e3o do \u00d3rg\u00e3o Especial do Tribunal de Justi\u00e7a do Estado do Paran\u00e1 que n\u00e3o acolheu o pedido para declarar a inconstitucionalidade das normas.<\/p>\n<p>Tamb\u00e9m est\u00e1 previsto o julgamento do<strong>\u00a0<\/strong><a href=\"https:\/\/portal.stf.jus.br\/processos\/listarProcessos.asp?classe=ARE&amp;numeroProcesso=1524619\" target=\"_blank\" rel=\"noopener\"><strong>(ARE) 1524619 <\/strong><\/a>e com\u202frepercuss\u00e3o geral reconhecida no <a href=\"https:\/\/portal.stf.jus.br\/jurisprudenciaRepercussao\/verAndamentoProcesso.asp?incidente=7089251&amp;numeroProcesso=1524619&amp;classeProcesso=ARE&amp;numeroTema=1382\">Tema 1.382<\/a>, que analisa a possibilidade de condena\u00e7\u00e3o do Minist\u00e9rio P\u00fablico ao pagamento de custas, despesas processuais e honor\u00e1rios advocat\u00edcios, quando for derrotado em a\u00e7\u00f5es de ressarcimento ao er\u00e1rio. O\u202fMinist\u00e9rio P\u00fablico do Estado de S\u00e3o Paulo, que ajuizou o recurso, sustenta que a condena\u00e7\u00e3o viola a\u202fsua\u202fautonomia e\u202fsua independ\u00eancia institucional.<\/p>\n<p>Na pauta, tamb\u00e9m consta o julgamento da A\u00e7\u00e3o C\u00edvel Origin\u00e1ria <a href=\"https:\/\/portal.stf.jus.br\/processos\/listarProcessos.asp?classe=ACO&amp;numeroProcesso=1560\" target=\"_blank\" rel=\"noopener\"><strong>(ACO) 1560<\/strong><\/a>, em que a PGR recorre de decis\u00e3o que acolheu a argumenta\u00e7\u00e3o da Uni\u00e3o para responsabilizar o Minist\u00e9rio P\u00fablico pelo pagamento dos honor\u00e1rios periciais da per\u00edcia por ele requerida, nos termos do art. 91 do C\u00f3digo de Processo Civil.<\/p>\n<p>Por fim, os magistrados podem prosseguir com o julgamento da Argui\u00e7\u00e3o de Descumprimento de Preceito Fundamental <a href=\"https:\/\/portal.stf.jus.br\/processos\/detalhe.asp?incidente=6990125\">(ADPF) 1183<\/a>\u202f, que questiona a constitucionalidade da instru\u00e7\u00e3o normativa 91, de 2022, do Tribunal de Contas da Uni\u00e3o. O ato criou, dentro desse \u00f3rg\u00e3o de controle de contas, uma Secretaria de Controle Externo de Solu\u00e7\u00e3o Consensual e Preven\u00e7\u00e3o de Conflitos (<a href=\"https:\/\/www.jota.info\/tudo-sobre\/Secex-Consenso\">Secex-Consenso<\/a>), al\u00e9m de um detalhado procedimento para sua atua\u00e7\u00e3o.<\/p>\n<p class=\"jota-cta\"><a href=\"https:\/\/conteudo.jota.info\/marketing-lp-newsletter-ultimas-noticias?utm_source=jota&amp;utm_medium=lp&amp;utm_campaign=23-09-2024-jota-lp-eleicoes-2024-eleicoes-2024-none-audiencias-none&amp;utm_content=eleicoes-2024&amp;utm_term=none\"><span>Assine gratuitamente a newsletter \u00daltimas Not\u00edcias do <span class=\"jota\">JOTA<\/span> e receba as principais not\u00edcias jur\u00eddicas e pol\u00edticas do dia no seu email<\/span><\/a><\/p>\n<h2>Assista \u00e0 sess\u00e3o de julgamento do STF ao vivo<\/h2>\n<div class=\"jota-article__embed\"><\/div>","protected":false},"excerpt":{"rendered":"<p>Os ministros do Supremo Tribunal Federal (STF) retomam nesta quinta-feira (16\/4) o julgamento da A\u00e7\u00e3o Direta de Inconstitucionalidade (ADI) 7633,\u00a0que discute a desonera\u00e7\u00e3o da folha de pagamentos para 17 setores econ\u00f4micos e munic\u00edpios. At\u00e9 a interrup\u00e7\u00e3o, o placar estava 3 a 0 pela inconstitucionalidade dos dispositivos da Lei 14.784\/2023 que prorrogaram a desonera\u00e7\u00e3o. Votaram Cristiano [&hellip;]<\/p>\n","protected":false},"author":0,"featured_media":0,"comment_status":"open","ping_status":"open","sticky":false,"template":"","format":"standard","meta":[],"categories":[1],"tags":[],"_links":{"self":[{"href":"https:\/\/aprimora.site\/carvalhoalmeidaadvogados\/wp-json\/wp\/v2\/posts\/22445"}],"collection":[{"href":"https:\/\/aprimora.site\/carvalhoalmeidaadvogados\/wp-json\/wp\/v2\/posts"}],"about":[{"href":"https:\/\/aprimora.site\/carvalhoalmeidaadvogados\/wp-json\/wp\/v2\/types\/post"}],"replies":[{"embeddable":true,"href":"https:\/\/aprimora.site\/carvalhoalmeidaadvogados\/wp-json\/wp\/v2\/comments?post=22445"}],"version-history":[{"count":0,"href":"https:\/\/aprimora.site\/carvalhoalmeidaadvogados\/wp-json\/wp\/v2\/posts\/22445\/revisions"}],"wp:attachment":[{"href":"https:\/\/aprimora.site\/carvalhoalmeidaadvogados\/wp-json\/wp\/v2\/media?parent=22445"}],"wp:term":[{"taxonomy":"category","embeddable":true,"href":"https:\/\/aprimora.site\/carvalhoalmeidaadvogados\/wp-json\/wp\/v2\/categories?post=22445"},{"taxonomy":"post_tag","embeddable":true,"href":"https:\/\/aprimora.site\/carvalhoalmeidaadvogados\/wp-json\/wp\/v2\/tags?post=22445"}],"curies":[{"name":"wp","href":"https:\/\/api.w.org\/{rel}","templated":true}]}}