{"id":22441,"date":"2026-04-29T09:59:47","date_gmt":"2026-04-29T12:59:47","guid":{"rendered":"https:\/\/aprimora.site\/carvalhoalmeidaadvogados\/2026\/04\/29\/congresso-reune-especialistas-em-debate-sobre-direitos-dos-povos-indigenas-justica-e-constituicao-de-1988\/"},"modified":"2026-04-29T09:59:47","modified_gmt":"2026-04-29T12:59:47","slug":"congresso-reune-especialistas-em-debate-sobre-direitos-dos-povos-indigenas-justica-e-constituicao-de-1988","status":"publish","type":"post","link":"https:\/\/aprimora.site\/carvalhoalmeidaadvogados\/2026\/04\/29\/congresso-reune-especialistas-em-debate-sobre-direitos-dos-povos-indigenas-justica-e-constituicao-de-1988\/","title":{"rendered":"Congresso re\u00fane especialistas em debate sobre direitos dos povos ind\u00edgenas, justi\u00e7a e Constitui\u00e7\u00e3o de 1988"},"content":{"rendered":"<p>Congresso re\u00fane especialistas em debate sobre direitos dos povos ind\u00edgenas, justi\u00e7a e Constitui\u00e7\u00e3o de 1988<\/p>","protected":false},"excerpt":{"rendered":"<p>Congresso re\u00fane especialistas em debate sobre direitos dos povos ind\u00edgenas, justi\u00e7a e Constitui\u00e7\u00e3o de 1988<\/p>\n","protected":false},"author":0,"featured_media":0,"comment_status":"open","ping_status":"open","sticky":false,"template":"","format":"standard","meta":[],"categories":[1],"tags":[],"_links":{"self":[{"href":"https:\/\/aprimora.site\/carvalhoalmeidaadvogados\/wp-json\/wp\/v2\/posts\/22441"}],"collection":[{"href":"https:\/\/aprimora.site\/carvalhoalmeidaadvogados\/wp-json\/wp\/v2\/posts"}],"about":[{"href":"https:\/\/aprimora.site\/carvalhoalmeidaadvogados\/wp-json\/wp\/v2\/types\/post"}],"replies":[{"embeddable":true,"href":"https:\/\/aprimora.site\/carvalhoalmeidaadvogados\/wp-json\/wp\/v2\/comments?post=22441"}],"version-history":[{"count":0,"href":"https:\/\/aprimora.site\/carvalhoalmeidaadvogados\/wp-json\/wp\/v2\/posts\/22441\/revisions"}],"wp:attachment":[{"href":"https:\/\/aprimora.site\/carvalhoalmeidaadvogados\/wp-json\/wp\/v2\/media?parent=22441"}],"wp:term":[{"taxonomy":"category","embeddable":true,"href":"https:\/\/aprimora.site\/carvalhoalmeidaadvogados\/wp-json\/wp\/v2\/categories?post=22441"},{"taxonomy":"post_tag","embeddable":true,"href":"https:\/\/aprimora.site\/carvalhoalmeidaadvogados\/wp-json\/wp\/v2\/tags?post=22441"}],"curies":[{"name":"wp","href":"https:\/\/api.w.org\/{rel}","templated":true}]}}