{"id":22440,"date":"2026-04-29T09:59:47","date_gmt":"2026-04-29T12:59:47","guid":{"rendered":"https:\/\/aprimora.site\/carvalhoalmeidaadvogados\/2026\/04\/29\/podcast-stj-no-seu-dia-aborda-responsabilidade-de-hotel-por-acidente-com-crianca-em-area-de-recreacao\/"},"modified":"2026-04-29T09:59:47","modified_gmt":"2026-04-29T12:59:47","slug":"podcast-stj-no-seu-dia-aborda-responsabilidade-de-hotel-por-acidente-com-crianca-em-area-de-recreacao","status":"publish","type":"post","link":"https:\/\/aprimora.site\/carvalhoalmeidaadvogados\/2026\/04\/29\/podcast-stj-no-seu-dia-aborda-responsabilidade-de-hotel-por-acidente-com-crianca-em-area-de-recreacao\/","title":{"rendered":"Podcast STJ No Seu Dia aborda responsabilidade de hotel por acidente com crian\u00e7a em \u00e1rea de recrea\u00e7\u00e3o"},"content":{"rendered":"<p>Podcast STJ No Seu Dia aborda responsabilidade de hotel por acidente com crian\u00e7a em \u00e1rea de recrea\u00e7\u00e3o<\/p>","protected":false},"excerpt":{"rendered":"<p>Podcast STJ No Seu Dia aborda responsabilidade de hotel por acidente com crian\u00e7a em \u00e1rea de recrea\u00e7\u00e3o<\/p>\n","protected":false},"author":0,"featured_media":0,"comment_status":"open","ping_status":"open","sticky":false,"template":"","format":"standard","meta":[],"categories":[1],"tags":[],"_links":{"self":[{"href":"https:\/\/aprimora.site\/carvalhoalmeidaadvogados\/wp-json\/wp\/v2\/posts\/22440"}],"collection":[{"href":"https:\/\/aprimora.site\/carvalhoalmeidaadvogados\/wp-json\/wp\/v2\/posts"}],"about":[{"href":"https:\/\/aprimora.site\/carvalhoalmeidaadvogados\/wp-json\/wp\/v2\/types\/post"}],"replies":[{"embeddable":true,"href":"https:\/\/aprimora.site\/carvalhoalmeidaadvogados\/wp-json\/wp\/v2\/comments?post=22440"}],"version-history":[{"count":0,"href":"https:\/\/aprimora.site\/carvalhoalmeidaadvogados\/wp-json\/wp\/v2\/posts\/22440\/revisions"}],"wp:attachment":[{"href":"https:\/\/aprimora.site\/carvalhoalmeidaadvogados\/wp-json\/wp\/v2\/media?parent=22440"}],"wp:term":[{"taxonomy":"category","embeddable":true,"href":"https:\/\/aprimora.site\/carvalhoalmeidaadvogados\/wp-json\/wp\/v2\/categories?post=22440"},{"taxonomy":"post_tag","embeddable":true,"href":"https:\/\/aprimora.site\/carvalhoalmeidaadvogados\/wp-json\/wp\/v2\/tags?post=22440"}],"curies":[{"name":"wp","href":"https:\/\/api.w.org\/{rel}","templated":true}]}}