{"id":22436,"date":"2026-04-29T08:11:33","date_gmt":"2026-04-29T11:11:33","guid":{"rendered":"https:\/\/aprimora.site\/carvalhoalmeidaadvogados\/2026\/04\/29\/terceira-turma-valida-arrematacao-de-imovel-em-leilao-apesar-do-pagamento-fora-do-prazo\/"},"modified":"2026-04-29T08:11:33","modified_gmt":"2026-04-29T11:11:33","slug":"terceira-turma-valida-arrematacao-de-imovel-em-leilao-apesar-do-pagamento-fora-do-prazo","status":"publish","type":"post","link":"https:\/\/aprimora.site\/carvalhoalmeidaadvogados\/2026\/04\/29\/terceira-turma-valida-arrematacao-de-imovel-em-leilao-apesar-do-pagamento-fora-do-prazo\/","title":{"rendered":"Terceira Turma valida arremata\u00e7\u00e3o de im\u00f3vel em leil\u00e3o apesar do pagamento fora do prazo"},"content":{"rendered":"<p>Terceira Turma valida arremata\u00e7\u00e3o de im\u00f3vel em leil\u00e3o apesar do pagamento fora do prazo<\/p>","protected":false},"excerpt":{"rendered":"<p>Terceira Turma valida arremata\u00e7\u00e3o de im\u00f3vel em leil\u00e3o apesar do pagamento fora do prazo<\/p>\n","protected":false},"author":0,"featured_media":0,"comment_status":"open","ping_status":"open","sticky":false,"template":"","format":"standard","meta":[],"categories":[1],"tags":[],"_links":{"self":[{"href":"https:\/\/aprimora.site\/carvalhoalmeidaadvogados\/wp-json\/wp\/v2\/posts\/22436"}],"collection":[{"href":"https:\/\/aprimora.site\/carvalhoalmeidaadvogados\/wp-json\/wp\/v2\/posts"}],"about":[{"href":"https:\/\/aprimora.site\/carvalhoalmeidaadvogados\/wp-json\/wp\/v2\/types\/post"}],"replies":[{"embeddable":true,"href":"https:\/\/aprimora.site\/carvalhoalmeidaadvogados\/wp-json\/wp\/v2\/comments?post=22436"}],"version-history":[{"count":0,"href":"https:\/\/aprimora.site\/carvalhoalmeidaadvogados\/wp-json\/wp\/v2\/posts\/22436\/revisions"}],"wp:attachment":[{"href":"https:\/\/aprimora.site\/carvalhoalmeidaadvogados\/wp-json\/wp\/v2\/media?parent=22436"}],"wp:term":[{"taxonomy":"category","embeddable":true,"href":"https:\/\/aprimora.site\/carvalhoalmeidaadvogados\/wp-json\/wp\/v2\/categories?post=22436"},{"taxonomy":"post_tag","embeddable":true,"href":"https:\/\/aprimora.site\/carvalhoalmeidaadvogados\/wp-json\/wp\/v2\/tags?post=22436"}],"curies":[{"name":"wp","href":"https:\/\/api.w.org\/{rel}","templated":true}]}}