{"id":22435,"date":"2026-04-29T08:11:33","date_gmt":"2026-04-29T11:11:33","guid":{"rendered":"https:\/\/aprimora.site\/carvalhoalmeidaadvogados\/2026\/04\/29\/repetitivo-discute-se-falta-de-interprete-para-reu-surdo-mudo-e-sem-dominio-de-libras-gera-nulidade-processual\/"},"modified":"2026-04-29T08:11:33","modified_gmt":"2026-04-29T11:11:33","slug":"repetitivo-discute-se-falta-de-interprete-para-reu-surdo-mudo-e-sem-dominio-de-libras-gera-nulidade-processual","status":"publish","type":"post","link":"https:\/\/aprimora.site\/carvalhoalmeidaadvogados\/2026\/04\/29\/repetitivo-discute-se-falta-de-interprete-para-reu-surdo-mudo-e-sem-dominio-de-libras-gera-nulidade-processual\/","title":{"rendered":"Repetitivo discute se falta de int\u00e9rprete para r\u00e9u surdo-mudo e sem dom\u00ednio de Libras gera nulidade processual"},"content":{"rendered":"<p>Repetitivo discute se falta de int\u00e9rprete para r\u00e9u surdo-mudo e sem dom\u00ednio de Libras gera nulidade processual<\/p>","protected":false},"excerpt":{"rendered":"<p>Repetitivo discute se falta de int\u00e9rprete para r\u00e9u surdo-mudo e sem dom\u00ednio de Libras gera nulidade processual<\/p>\n","protected":false},"author":0,"featured_media":0,"comment_status":"open","ping_status":"open","sticky":false,"template":"","format":"standard","meta":[],"categories":[1],"tags":[],"_links":{"self":[{"href":"https:\/\/aprimora.site\/carvalhoalmeidaadvogados\/wp-json\/wp\/v2\/posts\/22435"}],"collection":[{"href":"https:\/\/aprimora.site\/carvalhoalmeidaadvogados\/wp-json\/wp\/v2\/posts"}],"about":[{"href":"https:\/\/aprimora.site\/carvalhoalmeidaadvogados\/wp-json\/wp\/v2\/types\/post"}],"replies":[{"embeddable":true,"href":"https:\/\/aprimora.site\/carvalhoalmeidaadvogados\/wp-json\/wp\/v2\/comments?post=22435"}],"version-history":[{"count":0,"href":"https:\/\/aprimora.site\/carvalhoalmeidaadvogados\/wp-json\/wp\/v2\/posts\/22435\/revisions"}],"wp:attachment":[{"href":"https:\/\/aprimora.site\/carvalhoalmeidaadvogados\/wp-json\/wp\/v2\/media?parent=22435"}],"wp:term":[{"taxonomy":"category","embeddable":true,"href":"https:\/\/aprimora.site\/carvalhoalmeidaadvogados\/wp-json\/wp\/v2\/categories?post=22435"},{"taxonomy":"post_tag","embeddable":true,"href":"https:\/\/aprimora.site\/carvalhoalmeidaadvogados\/wp-json\/wp\/v2\/tags?post=22435"}],"curies":[{"name":"wp","href":"https:\/\/api.w.org\/{rel}","templated":true}]}}