{"id":22434,"date":"2026-04-29T08:11:32","date_gmt":"2026-04-29T11:11:32","guid":{"rendered":"https:\/\/aprimora.site\/carvalhoalmeidaadvogados\/2026\/04\/29\/precatorios-nao-sao-viloes-setor-publico-falha-em-gerir-proprio-passivo\/"},"modified":"2026-04-29T08:11:32","modified_gmt":"2026-04-29T11:11:32","slug":"precatorios-nao-sao-viloes-setor-publico-falha-em-gerir-proprio-passivo","status":"publish","type":"post","link":"https:\/\/aprimora.site\/carvalhoalmeidaadvogados\/2026\/04\/29\/precatorios-nao-sao-viloes-setor-publico-falha-em-gerir-proprio-passivo\/","title":{"rendered":"Precat\u00f3rios n\u00e3o s\u00e3o vil\u00f5es: setor p\u00fablico falha em gerir pr\u00f3prio passivo"},"content":{"rendered":"<p>O debate p\u00fablico brasileiro frequentemente elege \u201cvil\u00f5es\u201d de conveni\u00eancia para justificar crises or\u00e7ament\u00e1rias, e os precat\u00f3rios, d\u00edvidas do Estado reconhecidas por decis\u00e3o judicial definitiva, ocupam o topo dessa lista. No entanto, a narrativa de que eles seriam \u201cvil\u00f5es fiscais\u201d ou fatos imprevis\u00edveis, mascaram a falha cr\u00f4nica do setor p\u00fablico em gerir seu pr\u00f3prio passivo. Na pr\u00e1tica, a exist\u00eancia de um precat\u00f3rio \u00e9 a prova concreta de um erro administrativo ou descumprimento contratual do pr\u00f3prio governo, logo, um professor ou policial que garantiu seus direitos na justi\u00e7a n\u00e3o pode ser rotulado como inimigo do er\u00e1rio.<\/p>\n<p>Tratar essas d\u00edvidas como um problema fiscal isolado \u00e9 uma estrat\u00e9gia pol\u00edtica que ignora a origem da obriga\u00e7\u00e3o: o Estado perdeu uma a\u00e7\u00e3o judicial e tem o dever constitucional de pagar o contribuinte, tornando essa despesa compuls\u00f3ria e n\u00e3o discricion\u00e1ria. A dimens\u00e3o do descaso com o planejamento \u00e9 n\u00edtida quando observamos que 94,65% dos precat\u00f3rios previstos para 2025 e 2026 nos Correios, por exemplo, originam-se de processos iniciados entre 1990 e 2020. O poder p\u00fablico teve d\u00e9cadas para provisionar esses valores, mas optou por postergar o pagamento para priorizar projetos de maior visibilidade imediata, deixando a conta muitas vezes para os herdeiros dos credores.<\/p>\n<p><a href=\"https:\/\/www.jota.info\/produtos\/tributos?utm_source=cta-site&amp;utm_medium=site&amp;utm_campaign=campanha_tributos_q2&amp;utm_id=cta_texto_tributos_q2_2023&amp;utm_term=cta_texto_tributos&amp;utm_term=cta_texto_tributos_meio_materias\"><span>Conhe\u00e7a o <span class=\"jota\">JOTA<\/span> PRO Tributos, plataforma de monitoramento tribut\u00e1rio para empresas e escrit\u00f3rios com decis\u00f5es e movimenta\u00e7\u00f5es do Carf, STJ e STF<\/span><\/a><\/p>\n<p>Essa postura abala severamente a credibilidade institucional do pa\u00eds e fere os pilares da seguran\u00e7a jur\u00eddica, que dependem da capacidade de executar decis\u00f5es em tempo h\u00e1bil. Quando o governo altera regras de pagamento ou atualiza\u00e7\u00e3o monet\u00e1ria via emendas constitucionais, ele eleva o risco-pa\u00eds e afasta empresas de licita\u00e7\u00f5es, pois o receio de receber em t\u00edtulos de prazo incerto aumenta o custo dos neg\u00f3cios. Para o mercado, o precat\u00f3rio deixa de ser uma obriga\u00e7\u00e3o financeira garantida para se tornar um \u201crisco jur\u00eddico\u201d, o que eleva o des\u00e1gio necess\u00e1rio para compensar a incerteza do investidor.<\/p>\n<p>Al\u00e9m disso, a imagem do setor \u00e9 frequentemente prejudicada por casos de grande repercuss\u00e3o, como as fraudes envolvendo o Banco Master, que criam uma m\u00edstica negativa sobre ativos judiciais. Tais epis\u00f3dios s\u00e3o exce\u00e7\u00f5es que apenas refor\u00e7am a necessidade de operar com empresas s\u00e9rias e rigor t\u00e9cnico, visto que a cess\u00e3o de cr\u00e9dito \u00e9 um meio leg\u00edtimo e constitucional.<\/p>\n<p>Por tr\u00e1s dos n\u00fameros, a dimens\u00e3o humana \u00e9 alarmante: no Estado de S\u00e3o Paulo, a d\u00edvida soma R$54 bilh\u00f5es para cerca de um milh\u00e3o de credores, sendo que, ao menos 10% t\u00eam como donos credores preferenciais, ou seja, idosos e pessoas com doen\u00e7as graves.<\/p>\n<p>Ou, olhando sob o prisma dos cr\u00e9ditos federais, destaca-se que 97,6% dos credores da Uni\u00e3o possuem t\u00edtulos de at\u00e9 R$1 milh\u00e3o. Em n\u00fameros absolutos, dos 160.341 precat\u00f3rios inscritos em 2026, a maioria absoluta dessas d\u00edvidas \u00e9 de natureza alimentar, totalizando 112.125 precat\u00f3rios, tratam-se de causas previdenci\u00e1rias e 13% de reclama\u00e7\u00f5es de pessoal, atingindo diretamente idosos e pessoas com doen\u00e7as graves.<\/p>\n<p>Diante dessa falha estatal, o mercado de cess\u00e3o de cr\u00e9dito e securitiza\u00e7\u00e3o surge como uma solu\u00e7\u00e3o privada essencial, permitindo que cidad\u00e3os e empresas, especialmente startups descapitalizadas pela lentid\u00e3o p\u00fablica, obtenham liquidez antecipada para investir e inovar. A moderniza\u00e7\u00e3o do sistema, com a substitui\u00e7\u00e3o de burocracias cartoriais por registros digitais e regras claras para a compensa\u00e7\u00e3o tribut\u00e1ria, \u00e9 o caminho para destravar esse capital.<\/p>\n<p>Por fim, a seguran\u00e7a jur\u00eddica \u00e9 o ativo mais caro de uma economia, portanto desrespeit\u00e1-la custa ao Brasil muito mais do que o valor nominal da d\u00edvida, pois trava o potencial de desenvolvimento. O pagamento regular dos precat\u00f3rios n\u00e3o \u00e9 apenas uma quest\u00e3o de justi\u00e7a, mas uma estrat\u00e9gia econ\u00f4mica inteligente, pois permite que o capital circule, quitando d\u00edvidas privadas, gerando tributos, fomentando o consumo que impulsiona o desenvolvimento econ\u00f4mico do pa\u00eds.<\/p>","protected":false},"excerpt":{"rendered":"<p>O debate p\u00fablico brasileiro frequentemente elege \u201cvil\u00f5es\u201d de conveni\u00eancia para justificar crises or\u00e7ament\u00e1rias, e os precat\u00f3rios, d\u00edvidas do Estado reconhecidas por decis\u00e3o judicial definitiva, ocupam o topo dessa lista. No entanto, a narrativa de que eles seriam \u201cvil\u00f5es fiscais\u201d ou fatos imprevis\u00edveis, mascaram a falha cr\u00f4nica do setor p\u00fablico em gerir seu pr\u00f3prio passivo. Na [&hellip;]<\/p>\n","protected":false},"author":0,"featured_media":0,"comment_status":"open","ping_status":"open","sticky":false,"template":"","format":"standard","meta":[],"categories":[1],"tags":[],"_links":{"self":[{"href":"https:\/\/aprimora.site\/carvalhoalmeidaadvogados\/wp-json\/wp\/v2\/posts\/22434"}],"collection":[{"href":"https:\/\/aprimora.site\/carvalhoalmeidaadvogados\/wp-json\/wp\/v2\/posts"}],"about":[{"href":"https:\/\/aprimora.site\/carvalhoalmeidaadvogados\/wp-json\/wp\/v2\/types\/post"}],"replies":[{"embeddable":true,"href":"https:\/\/aprimora.site\/carvalhoalmeidaadvogados\/wp-json\/wp\/v2\/comments?post=22434"}],"version-history":[{"count":0,"href":"https:\/\/aprimora.site\/carvalhoalmeidaadvogados\/wp-json\/wp\/v2\/posts\/22434\/revisions"}],"wp:attachment":[{"href":"https:\/\/aprimora.site\/carvalhoalmeidaadvogados\/wp-json\/wp\/v2\/media?parent=22434"}],"wp:term":[{"taxonomy":"category","embeddable":true,"href":"https:\/\/aprimora.site\/carvalhoalmeidaadvogados\/wp-json\/wp\/v2\/categories?post=22434"},{"taxonomy":"post_tag","embeddable":true,"href":"https:\/\/aprimora.site\/carvalhoalmeidaadvogados\/wp-json\/wp\/v2\/tags?post=22434"}],"curies":[{"name":"wp","href":"https:\/\/api.w.org\/{rel}","templated":true}]}}