{"id":22432,"date":"2026-04-29T08:11:32","date_gmt":"2026-04-29T11:11:32","guid":{"rendered":"https:\/\/aprimora.site\/carvalhoalmeidaadvogados\/2026\/04\/29\/brasil-bate-recorde-de-acidentes-de-trabalho-em-2025\/"},"modified":"2026-04-29T08:11:32","modified_gmt":"2026-04-29T11:11:32","slug":"brasil-bate-recorde-de-acidentes-de-trabalho-em-2025","status":"publish","type":"post","link":"https:\/\/aprimora.site\/carvalhoalmeidaadvogados\/2026\/04\/29\/brasil-bate-recorde-de-acidentes-de-trabalho-em-2025\/","title":{"rendered":"Brasil bate recorde de acidentes de trabalho em 2025"},"content":{"rendered":"<p>O Brasil registrou recorde de <a href=\"https:\/\/www.jota.info\/tudo-sobre\/acidentes-de-trabalho\">acidentes de trabalho<\/a> em 2025: foram 806.011 casos e 3.644 mortes contabilizadas. Os n\u00fameros s\u00e3o os maiores desde o in\u00edcio da s\u00e9rie hist\u00f3rica em 2016. Os dados foram apresentados pelo Minist\u00e9rio do Trabalho e Emprego (<a href=\"https:\/\/www.jota.info\/tudo-sobre\/MTE\">MTE<\/a>) nesta ter\u00e7a-feira (28\/4), Dia Mundial de Seguran\u00e7a e Sa\u00fade no Trabalho, e s\u00e3o resultado de um estudo t\u00e9cnico que consolida o panorama dos acidentes de trabalho no Brasil entre 2016 e 2025, com base em registros oficiais do INSS e do eSocial.<\/p>\n<p>O levantamento re\u00fane 6,4 milh\u00f5es de acidentes e 27.486 \u00f3bitos no per\u00edodo, al\u00e9m de mais de 106 milh\u00f5es de dias de trabalho perdidos e cerca de 249 milh\u00f5es de dias debitados (indicador que expressa o impacto permanente das ocorr\u00eancias na vida dos trabalhadores).<\/p>\n<p class=\"jota-cta\"><a href=\"https:\/\/conteudo.jota.info\/marketing-lp-conversao-jota-pro-trabalhista?utm_source=site&amp;utm_medium=lp&amp;utm_campaign=11-03-2025-site-lp-cta-pro-trabalhista-lead-site-audiencias-trabalhista&amp;utm_content=site-lp-cta-pro-trabalhista-lead-site-trabalhista&amp;utm_term=audiencias\">Conhe\u00e7a o <span class=\"jota\">JOTA<\/span> PRO Trabalhista, solu\u00e7\u00e3o corporativa que antecipa as movimenta\u00e7\u00f5es trabalhistas no Judici\u00e1rio, Legislativo e Executivo<\/a><\/p>\n<p>O crescimento, em 2025, ocorre ap\u00f3s a retra\u00e7\u00e3o observada em 2020, em raz\u00e3o da pandemia, e acompanha a retomada da atividade econ\u00f4mica e a amplia\u00e7\u00e3o do emprego formal no pa\u00eds. Entre 2020 e 2025, os acidentes aumentaram 65,8%, enquanto os \u00f3bitos cresceram 60,8%.<\/p>\n<p>O levantamento foi produzido por auditores-fiscais do Trabalho e deve auxiliar na formula\u00e7\u00e3o de pol\u00edticas p\u00fablicas e no direcionamento das a\u00e7\u00f5es de inspe\u00e7\u00e3o.<\/p>\n<p>Segundo o diretor de Seguran\u00e7a e Sa\u00fade no Trabalho do MTE, Alexandre Scarpelli, os dados evidenciam a necessidade de avan\u00e7ar na cultura de preven\u00e7\u00e3o. \u201cOs n\u00fameros mostram que o pa\u00eds tem ampliado a capacidade de registrar e compreender os acidentes, o que \u00e9 fundamental para orientar pol\u00edticas mais eficazes. Ao mesmo tempo, refor\u00e7am a necessidade de aprimorar continuamente as condi\u00e7\u00f5es de trabalho e fortalecer a preven\u00e7\u00e3o para reduzir riscos e preservar vidas\u201d, afirmou.<\/p>\n<p>Apesar do aumento em n\u00fameros absolutos, o estudo aponta uma redu\u00e7\u00e3o da taxa de incid\u00eancia ao longo da d\u00e9cada \u2014 de 29,39 para 17,94 acidentes por 100 mil trabalhadores \u2014, indicando que o crescimento do emprego formal contribuiu para diluir o risco m\u00e9dio. Ainda assim, segundo o MTE, o volume total de ocorr\u00eancias evidencia a necessidade de fortalecer as pol\u00edticas de preven\u00e7\u00e3o e melhorar as condi\u00e7\u00f5es de trabalho.<\/p>\n<h2>Setores com mais acidentes<\/h2>\n<p>O setor de sa\u00fade, especialmente atividades hospitalares e de pronto atendimento, concentra o maior n\u00famero de acidentes, somando quase 633 mil registros no per\u00edodo. J\u00e1 o transporte rodovi\u00e1rio de carga lidera em n\u00famero de mortes, com 2.601 \u00f3bitos, destacando-se como atividade de maior gravidade. Tamb\u00e9m chamam aten\u00e7\u00e3o segmentos com alta exposi\u00e7\u00e3o relativa, como obras de montagem industrial, que apresentam uma das maiores taxas de incid\u00eancia do pa\u00eds.<\/p>\n<p>Entre as ocupa\u00e7\u00f5es, os t\u00e9cnicos de enfermagem registram o maior n\u00famero de acidentes, enquanto os motoristas de caminh\u00e3o concentram o maior n\u00famero de mortes \u2014 foram 4.249 \u00f3bitos em dez anos, m\u00e9dia superior a uma por dia. O estudo tamb\u00e9m evidencia a diversidade de riscos no mercado de trabalho, incluindo fatores como acidentes de trajeto e viol\u00eancia em determinadas atividades, como vigil\u00e2ncia.<\/p>\n<h2>Por regi\u00e3o<\/h2>\n<p>Regionalmente, os dados refletem o peso econ\u00f4mico dos estados. S\u00e3o Paulo (SP) concentra o maior volume absoluto de acidentes e mortes, respondendo por mais de um ter\u00e7o dos registros. Por outro lado, estados como Mato Grosso (MT), Tocantins (TO) e Maranh\u00e3o (MA) apresentam taxas mais elevadas de letalidade, indicando maior gravidade dos acidentes. O Mato Grosso se destaca por combinar alta incid\u00eancia e elevada letalidade, cen\u00e1rio associado a atividades como agroneg\u00f3cio, transporte e constru\u00e7\u00e3o.<\/p>\n<p>O levantamento tamb\u00e9m aponta mudan\u00e7as no perfil dos acidentes. Os casos t\u00edpicos seguem predominantes (64,6%), mas os acidentes de trajeto ganham relev\u00e2ncia. As doen\u00e7as ocupacionais tiveram aumento expressivo em 2020, influenciadas pela pandemia. Outro destaque \u00e9 o crescimento da participa\u00e7\u00e3o feminina, que passou a representar 34,2% dos registros, com aumento de 48% ao longo da s\u00e9rie, especialmente em setores como sa\u00fade e servi\u00e7os.<\/p>\n<p class=\"jota-cta\"><a href=\"https:\/\/conteudo.jota.info\/marketing-lp-newsletter-ultimas-noticias?utm_source=jota&amp;utm_medium=lp&amp;utm_campaign=23-09-2024-jota-lp-eleicoes-2024-eleicoes-2024-none-audiencias-none&amp;utm_content=eleicoes-2024&amp;utm_term=none\">Assine gratuitamente a newsletter \u00daltimas Not\u00edcias do <span class=\"jota\">JOTA<\/span> e receba as principais not\u00edcias jur\u00eddicas e pol\u00edticas do dia no seu email<\/a><\/p>\n<h2>Responsabilidade das empresas<\/h2>\n<p>As empresas podem ser responsabilizadas por esses acidentes de trabalho mesmo sem que o empregado comprove a culpa. Esse entendimento j\u00e1 foi consolidado pelo Supremo Tribunal Federal (STF) em 2020. Para a maioria dos ministros, o empregador tem responsabilidade objetiva, sem que o trabalhador tenha que comprovar dolo ou culpa, em casos de atividades de risco.<\/p>\n<p>A tese aprovada ficou com a seguinte reda\u00e7\u00e3o: \u201cO artigo 927, par\u00e1grafo \u00fanico, do C\u00f3digo Civil, \u00e9 compat\u00edvel com o artigo 7\u00ba inciso 28 da Constitui\u00e7\u00e3o, sendo constitucional a responsabiliza\u00e7\u00e3o objetiva do empregador por danos decorrentes de acidentes de trabalho nos casos especificados em lei ou quando a atividade normalmente desenvolvida, por sua natureza, apresentar exposi\u00e7\u00e3o habitual a risco especial com potencialidade lesiva e implicar ao trabalhador \u00f4nus maior que aos demais membros da coletividade\u201d.<\/p>","protected":false},"excerpt":{"rendered":"<p>O Brasil registrou recorde de acidentes de trabalho em 2025: foram 806.011 casos e 3.644 mortes contabilizadas. Os n\u00fameros s\u00e3o os maiores desde o in\u00edcio da s\u00e9rie hist\u00f3rica em 2016. Os dados foram apresentados pelo Minist\u00e9rio do Trabalho e Emprego (MTE) nesta ter\u00e7a-feira (28\/4), Dia Mundial de Seguran\u00e7a e Sa\u00fade no Trabalho, e s\u00e3o resultado [&hellip;]<\/p>\n","protected":false},"author":0,"featured_media":0,"comment_status":"open","ping_status":"open","sticky":false,"template":"","format":"standard","meta":[],"categories":[1],"tags":[],"_links":{"self":[{"href":"https:\/\/aprimora.site\/carvalhoalmeidaadvogados\/wp-json\/wp\/v2\/posts\/22432"}],"collection":[{"href":"https:\/\/aprimora.site\/carvalhoalmeidaadvogados\/wp-json\/wp\/v2\/posts"}],"about":[{"href":"https:\/\/aprimora.site\/carvalhoalmeidaadvogados\/wp-json\/wp\/v2\/types\/post"}],"replies":[{"embeddable":true,"href":"https:\/\/aprimora.site\/carvalhoalmeidaadvogados\/wp-json\/wp\/v2\/comments?post=22432"}],"version-history":[{"count":0,"href":"https:\/\/aprimora.site\/carvalhoalmeidaadvogados\/wp-json\/wp\/v2\/posts\/22432\/revisions"}],"wp:attachment":[{"href":"https:\/\/aprimora.site\/carvalhoalmeidaadvogados\/wp-json\/wp\/v2\/media?parent=22432"}],"wp:term":[{"taxonomy":"category","embeddable":true,"href":"https:\/\/aprimora.site\/carvalhoalmeidaadvogados\/wp-json\/wp\/v2\/categories?post=22432"},{"taxonomy":"post_tag","embeddable":true,"href":"https:\/\/aprimora.site\/carvalhoalmeidaadvogados\/wp-json\/wp\/v2\/tags?post=22432"}],"curies":[{"name":"wp","href":"https:\/\/api.w.org\/{rel}","templated":true}]}}