{"id":22431,"date":"2026-04-29T08:11:31","date_gmt":"2026-04-29T11:11:31","guid":{"rendered":"https:\/\/aprimora.site\/carvalhoalmeidaadvogados\/2026\/04\/29\/ao-vivo-sabatina-de-jorge-messias-indicado-ao-stf-na-ccj-do-senado-29-04-2026\/"},"modified":"2026-04-29T08:11:31","modified_gmt":"2026-04-29T11:11:31","slug":"ao-vivo-sabatina-de-jorge-messias-indicado-ao-stf-na-ccj-do-senado-29-04-2026","status":"publish","type":"post","link":"https:\/\/aprimora.site\/carvalhoalmeidaadvogados\/2026\/04\/29\/ao-vivo-sabatina-de-jorge-messias-indicado-ao-stf-na-ccj-do-senado-29-04-2026\/","title":{"rendered":"AO VIVO \u2013 Sabatina de Jorge Messias, indicado ao STF, na CCJ do Senado \u2013 29\/04\/2026"},"content":{"rendered":"<p>A Comiss\u00e3o de Constitui\u00e7\u00e3o e Justi\u00e7a (<a href=\"https:\/\/www.jota.info\/tudo-sobre\/CCJ\">CCJ<\/a>) do Senado Federal realiza nesta quarta-feira (29\/4), a partir das 9h, a sabatina do advogado-geral da Uni\u00e3o <a href=\"https:\/\/www.jota.info\/tudo-sobre\/Jorge%20Messias\">Jorge Messias<\/a>, indicado pela Presid\u00eancia da Rep\u00fablica ao cargo de ministro do Supremo Tribunal Federal (<a href=\"https:\/\/www.jota.info\/tudo-sobre\/STF\">STF<\/a>). Na audi\u00eancia, os 27 senadores titulares e os suplentes da comiss\u00e3o far\u00e3o uma s\u00e9rie de perguntas ao indicado e votar\u00e3o o parecer.<\/p>\n<p>Se aprovado, o nome de Messias segue para o Plen\u00e1rio do Senado Federal, onde a vota\u00e7\u00e3o ser\u00e1 secreta e precisar\u00e1 de no m\u00ednimo 41 votos favor\u00e1veis dos 81 senadores para que a indica\u00e7\u00e3o seja viabilizada.<\/p>\n<p>De acordo com a agenda anunciada pelo presidente do Senado, a indica\u00e7\u00e3o de Messias deve ser votada em Plen\u00e1rio ainda nesta quarta-feira, logo ap\u00f3s passar pela CCJ. A previs\u00e3o \u00e9 que a pauta do Plen\u00e1rio seja dedicada exclusivamente \u00e0 vota\u00e7\u00e3o.<\/p>\n<p class=\"jota-cta\"><a href=\"https:\/\/www.jota.info\/produtos\/poder?utm_source=cta-site&amp;utm_medium=site&amp;utm_campaign=campanha_poder_q2&amp;utm_id=cta_texto_poder_q2_2023&amp;utm_term=cta_texto_poder&amp;utm_term=cta_texto_poder_meio_materias\"><span>Conhe\u00e7a o <span class=\"jota\">JOTA<\/span> PRO Poder, plataforma de monitoramento que oferece transpar\u00eancia e previsibilidade para empresas<\/span><\/a><\/p>\n<p>Messias foi indicado em novembro de 2025 pelo presidente <a href=\"https:\/\/www.jota.info\/tudo-sobre\/lula\">Luiz In\u00e1cio Lula da Silva<\/a> (PT) para a vaga no Supremo aberta pela sa\u00edda de <a href=\"https:\/\/www.jota.info\/tudo-sobre\/barroso\">Lu\u00eds Roberto Barroso<\/a> em outubro do mesmo ano. A indica\u00e7\u00e3o, portanto, s\u00f3 foi oficializada em 1\u00ba de abril de 2026. O processo foi enviado \u00e0 CCJ pelo presidente do Senado, Davi Alcolumbre (Uni\u00e3o Brasil-AP), em 9 de abril.<\/p>\n<p>O objetivo da sabatina \u00e9 analisar a aptid\u00e3o do indicado para ocupar o cargo. Os questionamentos s\u00e3o sobre assuntos diversos, sem limita\u00e7\u00e3o tem\u00e1tica. Conforme apurado por analistas do <strong><span class=\"jota\">JOTA<\/span><\/strong>, a expectativa \u00e9 que Messias tenha a quantidade de votos necess\u00e1ria para a aprova\u00e7\u00e3o \u00e0 vaga no Supremo, ainda que por margem apertada.<\/p>\n<p>Na mesma sess\u00e3o tamb\u00e9m est\u00e3o previstas as sabatinas de Margareth Rodrigues Costa, indicada para o cargo de ministra do Tribunal Superior do Trabalho (<a href=\"https:\/\/www.jota.info\/tudo-sobre\/TST\">TST<\/a>), e Tarcijany Linhares Aguiar Machado, indicada para a chefia da Defensoria P\u00fablica da Uni\u00e3o (<a href=\"https:\/\/www.jota.info\/tudo-sobre\/DPU\">DPU<\/a>).<\/p>\n<p class=\"jota-cta\"><a href=\"https:\/\/conteudo.jota.info\/marketing-lp-newsletter-ultimas-noticias?utm_source=jota&amp;utm_medium=lp&amp;utm_campaign=23-09-2024-jota-lp-eleicoes-2024-eleicoes-2024-none-audiencias-none&amp;utm_content=eleicoes-2024&amp;utm_term=none\"><span>Assine gratuitamente a newsletter \u00daltimas Not\u00edcias do <span class=\"jota\">JOTA<\/span> e receba as principais not\u00edcias jur\u00eddicas e pol\u00edticas do dia no seu email<\/span><\/a><\/p>\n<h2>Assista \u00e0 sabatina de Jorge Messias ao vivo<\/h2>\n<div class=\"jota-article__embed\"><\/div>","protected":false},"excerpt":{"rendered":"<p>A Comiss\u00e3o de Constitui\u00e7\u00e3o e Justi\u00e7a (CCJ) do Senado Federal realiza nesta quarta-feira (29\/4), a partir das 9h, a sabatina do advogado-geral da Uni\u00e3o Jorge Messias, indicado pela Presid\u00eancia da Rep\u00fablica ao cargo de ministro do Supremo Tribunal Federal (STF). Na audi\u00eancia, os 27 senadores titulares e os suplentes da comiss\u00e3o far\u00e3o uma s\u00e9rie de [&hellip;]<\/p>\n","protected":false},"author":0,"featured_media":0,"comment_status":"open","ping_status":"open","sticky":false,"template":"","format":"standard","meta":[],"categories":[1],"tags":[],"_links":{"self":[{"href":"https:\/\/aprimora.site\/carvalhoalmeidaadvogados\/wp-json\/wp\/v2\/posts\/22431"}],"collection":[{"href":"https:\/\/aprimora.site\/carvalhoalmeidaadvogados\/wp-json\/wp\/v2\/posts"}],"about":[{"href":"https:\/\/aprimora.site\/carvalhoalmeidaadvogados\/wp-json\/wp\/v2\/types\/post"}],"replies":[{"embeddable":true,"href":"https:\/\/aprimora.site\/carvalhoalmeidaadvogados\/wp-json\/wp\/v2\/comments?post=22431"}],"version-history":[{"count":0,"href":"https:\/\/aprimora.site\/carvalhoalmeidaadvogados\/wp-json\/wp\/v2\/posts\/22431\/revisions"}],"wp:attachment":[{"href":"https:\/\/aprimora.site\/carvalhoalmeidaadvogados\/wp-json\/wp\/v2\/media?parent=22431"}],"wp:term":[{"taxonomy":"category","embeddable":true,"href":"https:\/\/aprimora.site\/carvalhoalmeidaadvogados\/wp-json\/wp\/v2\/categories?post=22431"},{"taxonomy":"post_tag","embeddable":true,"href":"https:\/\/aprimora.site\/carvalhoalmeidaadvogados\/wp-json\/wp\/v2\/tags?post=22431"}],"curies":[{"name":"wp","href":"https:\/\/api.w.org\/{rel}","templated":true}]}}