{"id":22423,"date":"2026-04-29T03:06:07","date_gmt":"2026-04-29T06:06:07","guid":{"rendered":"https:\/\/aprimora.site\/carvalhoalmeidaadvogados\/2026\/04\/29\/nova-agenda-regulatoria-da-ans-sera-decisiva-para-futuro-da-saude-suplementar-no-brasil\/"},"modified":"2026-04-29T03:06:07","modified_gmt":"2026-04-29T06:06:07","slug":"nova-agenda-regulatoria-da-ans-sera-decisiva-para-futuro-da-saude-suplementar-no-brasil","status":"publish","type":"post","link":"https:\/\/aprimora.site\/carvalhoalmeidaadvogados\/2026\/04\/29\/nova-agenda-regulatoria-da-ans-sera-decisiva-para-futuro-da-saude-suplementar-no-brasil\/","title":{"rendered":"Nova agenda regulat\u00f3ria da ANS ser\u00e1 decisiva para futuro da sa\u00fade suplementar no Brasil"},"content":{"rendered":"<p><span>O cen\u00e1rio da sa\u00fade suplementar no Brasil demanda um olhar aprofundado sobre sua sustentabilidade e seu papel no sistema nacional. O equil\u00edbrio do setor depende de uma revis\u00e3o estrutural de incentivos, da integra\u00e7\u00e3o com o SUS e do fortalecimento da regula\u00e7\u00e3o, visando equidade e previsibilidade.<\/span><\/p>\n<p><span>Esses pontos devem nortear a Agenda Regulat\u00f3ria 2026-2028 da ANS, que recebeu sugest\u00f5es da sociedade durante a Tomada P\u00fablica de Subs\u00eddios n\u00ba 6 e agora est\u00e1 em fase de consolida\u00e7\u00e3o. Considerando que ser\u00e1 publicada ainda neste semestre, o momento \u00e9 chave para a estrutura\u00e7\u00e3o final da agenda.\u00a0<\/span><\/p>\n<p class=\"jota-cta\"><a href=\"https:\/\/www.jota.info\/produtos\/saude?utm_source=cta-site&amp;utm_medium=site&amp;utm_campaign=campanha_saude_q2&amp;utm_id=cta_texto_saude_q2_2023&amp;utm_term=cta_texto_saude&amp;utm_term=cta_texto_saude_meio_materias\"><span>Com not\u00edcias da Anvisa e da ANS, o <span class=\"jota\">JOTA<\/span> PRO Sa\u00fade entrega previsibilidade e transpar\u00eancia para empresas do setor<\/span><\/a><\/p>\n<p><span>Um fator central \u00e9 a evolu\u00e7\u00e3o dos pre\u00e7os dos planos. Estudo do IEPS de junho de 2025 demonstra que, entre 2006 e 2024, <\/span><a href=\"https:\/\/ieps.org.br\/preco-planos-de-saude-nota-tecnica-37\/\"><span>o aumento dos pre\u00e7os foi de aproximadamente 327%<\/span><\/a><span>, quase o dobro da infla\u00e7\u00e3o geral (IPCA) e acima da pr\u00f3pria infla\u00e7\u00e3o do setor de sa\u00fade. Parte do aumento \u00e9 explicado pelo crescimento no uso dos servi\u00e7os pelos usu\u00e1rios.\u00a0<\/span><\/p>\n<p><span>Tais resultados demonstram forte press\u00e3o sobre a capacidade de pagamento de fam\u00edlias e empresas, resultando em exclus\u00e3o de consumidores. O cen\u00e1rio imp\u00f5e a necessidade de mecanismos regulat\u00f3rios mais transparentes e consistentes, em especial para planos coletivos empresariais e por ades\u00e3o, reduzindo assimetrias e inseguran\u00e7as jur\u00eddicas.<\/span><\/p>\n<p><a href=\"https:\/\/ieps.org.br\/sdc_download\/17794\/?key=1bqo4yyecgydbvsylcw0cuoh6qcv0r\"><span>Dados do IEPS<\/span><\/a><span> indicam que, enquanto planos empresariais mant\u00eam carteiras jovens, os planos individuais e coletivos por ades\u00e3o viram o percentual de idosos dobrar desde o in\u00edcio dos anos 2000, respondendo por 30% dos benefici\u00e1rios. Essa concentra\u00e7\u00e3o de riscos exige uma atua\u00e7\u00e3o incisiva da ANS para mitigar distor\u00e7\u00f5es que aprofundam desigualdades e desafiam a integralidade do cuidado.<\/span><\/p>\n<p><span>A rela\u00e7\u00e3o financeira entre o setor privado e o p\u00fablico tamb\u00e9m requer aprimoramento, especialmente no ressarcimento ao SUS. Este mecanismo \u00e9 fundamental para assegurar que o sistema p\u00fablico seja compensado por atendimentos a benefici\u00e1rios de planos, sobretudo diante do incentivo tribut\u00e1rio indireto via dedu\u00e7\u00e3o de impostos.\u00a0<\/span><\/p>\n<p><span>Na mesma dire\u00e7\u00e3o e ante novos arranjos, como o Programa Agora Tem Especialistas (PATE), \u00e9 essencial que a Ag\u00eancia promova a isonomia regulat\u00f3ria, monitorando a conformidade dos pagamentos e evitando distor\u00e7\u00f5es na remunera\u00e7\u00e3o de servi\u00e7os privados prestados ao SUS.\u00a0<\/span><\/p>\n<p><span>Por exemplo, espera-se que o novo edital do programa pague at\u00e9 <\/span><a href=\"https:\/\/www.jota.info\/saude\/ans-aprova-texto-do-edital-de-participacao-de-operadoras-no-agora-tem-especialistas\"><span>quatro vezes mais<\/span><\/a><span> do que o \u00cdndice de Valora\u00e7\u00e3o do Ressarcimento (IVR) \u2014 que hoje corresponde a 1,5 vez o valor da tabela do SUS por procedimento, o que pode reduzir o total de pessoas atendidas ou estimular que operadoras empurrem usu\u00e1rios para o SUS.<\/span><\/p>\n<p><span>A ANS deve atuar via C\u00e2mara de Sa\u00fade Suplementar, mobilizando todos os atores do setor, para reorientar o mercado a incentivos que promovam o mutualismo e a integra\u00e7\u00e3o sist\u00eamica. A portabilidade deve assegurar a continuidade do cuidado e o acompanhamento da jornada do paciente.\u00a0<\/span><\/p>\n<p><span>\u00c9 fundamental estabelecer salvaguardas que garantam um tempo m\u00ednimo de perman\u00eancia contratual para proteger o benefici\u00e1rio, bem como crit\u00e9rios para a implementa\u00e7\u00e3o de programas de preven\u00e7\u00e3o pelas operadoras, visando resultados de longo prazo e redu\u00e7\u00e3o de custos.<\/span><\/p>\n<p class=\"jota-cta\"><a href=\"https:\/\/conteudo.jota.info\/marketing-lp-newsletter-ultimas-noticias?utm_source=jota&amp;utm_medium=lp&amp;utm_campaign=23-09-2024-jota-lp-eleicoes-2024-eleicoes-2024-none-audiencias-none&amp;utm_content=eleicoes-2024&amp;utm_term=none\"><span>Assine gratuitamente a newsletter \u00daltimas Not\u00edcias do <span class=\"jota\">JOTA<\/span> e receba as principais not\u00edcias jur\u00eddicas e pol\u00edticas do dia no seu email<\/span><\/a><\/p>\n<p><span>Por fim, o fortalecimento institucional da ANS \u00e9 indispens\u00e1vel. Isso pressup\u00f5e autonomia, sustentabilidade or\u00e7ament\u00e1ria e a amplia\u00e7\u00e3o da capacidade regulat\u00f3ria para al\u00e9m das operadoras, de modo a abarcar novos arranjos organizacionais, como os modelos verticalizados \u2014 caracterizados pela integra\u00e7\u00e3o entre operadoras e prestadores.\u00a0<\/span><\/p>\n<p><span>A atual restri\u00e7\u00e3o or\u00e7ament\u00e1ria \u00e9 um dos principais entraves \u00e0 efic\u00e1cia regulat\u00f3ria. Um sistema de sa\u00fade menos segmentado passa por uma regula\u00e7\u00e3o que harmonize os interesses do setor suplementar com os princ\u00edpios estruturantes do SUS.<\/span><\/p>","protected":false},"excerpt":{"rendered":"<p>O cen\u00e1rio da sa\u00fade suplementar no Brasil demanda um olhar aprofundado sobre sua sustentabilidade e seu papel no sistema nacional. O equil\u00edbrio do setor depende de uma revis\u00e3o estrutural de incentivos, da integra\u00e7\u00e3o com o SUS e do fortalecimento da regula\u00e7\u00e3o, visando equidade e previsibilidade. Esses pontos devem nortear a Agenda Regulat\u00f3ria 2026-2028 da ANS, [&hellip;]<\/p>\n","protected":false},"author":0,"featured_media":0,"comment_status":"open","ping_status":"open","sticky":false,"template":"","format":"standard","meta":[],"categories":[1],"tags":[],"_links":{"self":[{"href":"https:\/\/aprimora.site\/carvalhoalmeidaadvogados\/wp-json\/wp\/v2\/posts\/22423"}],"collection":[{"href":"https:\/\/aprimora.site\/carvalhoalmeidaadvogados\/wp-json\/wp\/v2\/posts"}],"about":[{"href":"https:\/\/aprimora.site\/carvalhoalmeidaadvogados\/wp-json\/wp\/v2\/types\/post"}],"replies":[{"embeddable":true,"href":"https:\/\/aprimora.site\/carvalhoalmeidaadvogados\/wp-json\/wp\/v2\/comments?post=22423"}],"version-history":[{"count":0,"href":"https:\/\/aprimora.site\/carvalhoalmeidaadvogados\/wp-json\/wp\/v2\/posts\/22423\/revisions"}],"wp:attachment":[{"href":"https:\/\/aprimora.site\/carvalhoalmeidaadvogados\/wp-json\/wp\/v2\/media?parent=22423"}],"wp:term":[{"taxonomy":"category","embeddable":true,"href":"https:\/\/aprimora.site\/carvalhoalmeidaadvogados\/wp-json\/wp\/v2\/categories?post=22423"},{"taxonomy":"post_tag","embeddable":true,"href":"https:\/\/aprimora.site\/carvalhoalmeidaadvogados\/wp-json\/wp\/v2\/tags?post=22423"}],"curies":[{"name":"wp","href":"https:\/\/api.w.org\/{rel}","templated":true}]}}