{"id":22421,"date":"2026-04-29T01:59:02","date_gmt":"2026-04-29T04:59:02","guid":{"rendered":"https:\/\/aprimora.site\/carvalhoalmeidaadvogados\/2026\/04\/29\/congelar-riscos-nao-protege-o-erario-como-o-desenho-das-atas-gera-reequilibrios-em-serie\/"},"modified":"2026-04-29T01:59:02","modified_gmt":"2026-04-29T04:59:02","slug":"congelar-riscos-nao-protege-o-erario-como-o-desenho-das-atas-gera-reequilibrios-em-serie","status":"publish","type":"post","link":"https:\/\/aprimora.site\/carvalhoalmeidaadvogados\/2026\/04\/29\/congelar-riscos-nao-protege-o-erario-como-o-desenho-das-atas-gera-reequilibrios-em-serie\/","title":{"rendered":"Congelar riscos n\u00e3o protege o er\u00e1rio: como o desenho das atas gera reequil\u00edbrios em s\u00e9rie"},"content":{"rendered":"<p><span>A recorr\u00eancia de pedidos de reequil\u00edbrio econ\u00f4mico-financeiro em atas de registro de pre\u00e7os n\u00e3o representa falha epis\u00f3dica de execu\u00e7\u00e3o contratual nem simples oportunismo privado. Trata-se de um problema estrutural de desenho institucional, que se inicia muito antes de qualquer pleito formal e se manifesta, ao final, como conflito jur\u00eddico e fiscal.<\/span><\/p>\n<p><span>Em instrumentos como as atas de registro de pre\u00e7os, a tentativa de congelar custos estruturalmente vari\u00e1veis ao longo do tempo sob a premissa de preserva\u00e7\u00e3o formal da despesa acaba produzindo o efeito inverso ao desejado. Ao deslocar artificialmente riscos previs\u00edveis para o contratado, o sistema estimula precifica\u00e7\u00e3o defensiva, retra\u00e7\u00e3o da concorr\u00eancia e perda de efici\u00eancia. O pre\u00e7o deixa de disciplinar comportamento econ\u00f4mico e passa a incorporar margens de autoprote\u00e7\u00e3o, tornando o reequil\u00edbrio uma consequ\u00eancia previs\u00edvel, n\u00e3o uma exce\u00e7\u00e3o.<\/span><\/p>\n<p class=\"jota-cta\"><a href=\"https:\/\/www.jota.info\/produtos\/poder?utm_source=cta-site&amp;utm_medium=site&amp;utm_campaign=campanha_poder_q2&amp;utm_id=cta_texto_poder_q2_2023&amp;utm_term=cta_texto_poder&amp;utm_term=cta_texto_poder_meio_materias\"><span>Conhe\u00e7a o <span class=\"jota\">JOTA<\/span> PRO Poder, plataforma de monitoramento que oferece transpar\u00eancia e previsibilidade para empresas<\/span><\/a><\/p>\n<p><span>O tratamento conferido ao DIFAL nas contrata\u00e7\u00f5es interestaduais evidencia com clareza essa distor\u00e7\u00e3o. Embora se trate de tributo constitucionalmente estruturante e previs\u00edvel, sua intera\u00e7\u00e3o com atas de registro de pre\u00e7os costuma ser analisada apenas sob a \u00f3tica nominal da despesa p\u00fablica. Em hip\u00f3teses nas quais o ente contratante coincide com o Estado de destino e arrecadador do imposto, essa leitura formal ignora um dado relevante para a boa gest\u00e3o fiscal: parte do disp\u00eandio retorna aos pr\u00f3prios cofres p\u00fablicos por via arrecadat\u00f3ria, formando um circuito econ\u00f4mico-fiscal parcialmente fechado. Desconsiderar esse efeito na estrutura\u00e7\u00e3o do pre\u00e7o ou na an\u00e1lise da revis\u00e3o n\u00e3o elimina o impacto fiscal, mas apenas o desloca de forma opaca para o comportamento dos particulares.<\/span><\/p>\n<p><span>\u00c9 nesse ponto que a Lei de Responsabilidade Fiscal costuma ser invocada de maneira simplificadora. A LRF n\u00e3o se limita a exigir conten\u00e7\u00e3o formal da despesa, mas imp\u00f5e gest\u00e3o fiscal respons\u00e1vel, an\u00e1lise realista de impacto e preserva\u00e7\u00e3o da efici\u00eancia no uso dos recursos p\u00fablicos. Tratar como aumento integral de gasto aquilo que, na pr\u00e1tica, apresenta mitiga\u00e7\u00e3o fiscal relevante n\u00e3o fortalece a responsabilidade fiscal. Ao contr\u00e1rio, induz decis\u00f5es que deterioram a concorr\u00eancia, elevam o custo intertemporal da contrata\u00e7\u00e3o e ampliam a judicializa\u00e7\u00e3o, com efeitos que contrariam o esp\u00edrito da pr\u00f3pria lei.<\/span><\/p>\n<p class=\"jota-cta\"><a href=\"https:\/\/conteudo.jota.info\/marketing-lp-newsletter-ultimas-noticias?utm_source=jota&amp;utm_medium=lp&amp;utm_campaign=23-09-2024-jota-lp-eleicoes-2024-eleicoes-2024-none-audiencias-none&amp;utm_content=eleicoes-2024&amp;utm_term=none\"><span>Assine gratuitamente a newsletter \u00daltimas Not\u00edcias do <span class=\"jota\">JOTA<\/span> e receba as principais not\u00edcias jur\u00eddicas e pol\u00edticas do dia no seu email<\/span><\/a><\/p>\n<p><span>A compreens\u00e3o desse fen\u00f4meno exige mais do que a leitura isolada de dispositivos legais. Douglass North j\u00e1 demonstrava que institui\u00e7\u00f5es moldam estruturas de incentivos e custos de transa\u00e7\u00e3o ao longo do tempo. George Akerlof explicou como assimetrias informacionais expulsam operadores eficientes e degradam mercados. Cass Sunstein mostrou que regula\u00e7\u00f5es que ignoram como agentes reais respondem aos incentivos tendem a produzir resultados opostos aos pretendidos. Aplicadas \u00e0s atas de registro de pre\u00e7os, essas lentes revelam que o problema do reequil\u00edbrio n\u00e3o est\u00e1 no pedido formulado ao final do processo, mas na forma como riscos previs\u00edveis s\u00e3o alocados desde o in\u00edcio.<\/span><\/p>\n<p><span>\u00c9 esse deslocamento do evento jur\u00eddico para o desenho institucional e fiscal que precisa orientar a discuss\u00e3o, sobretudo quando o objetivo \u00e9 conciliar responsabilidade fiscal, efici\u00eancia administrativa e previsibilidade nas contrata\u00e7\u00f5es p\u00fablicas.<\/span><\/p>","protected":false},"excerpt":{"rendered":"<p>A recorr\u00eancia de pedidos de reequil\u00edbrio econ\u00f4mico-financeiro em atas de registro de pre\u00e7os n\u00e3o representa falha epis\u00f3dica de execu\u00e7\u00e3o contratual nem simples oportunismo privado. Trata-se de um problema estrutural de desenho institucional, que se inicia muito antes de qualquer pleito formal e se manifesta, ao final, como conflito jur\u00eddico e fiscal. Em instrumentos como as [&hellip;]<\/p>\n","protected":false},"author":0,"featured_media":0,"comment_status":"open","ping_status":"open","sticky":false,"template":"","format":"standard","meta":[],"categories":[1],"tags":[],"_links":{"self":[{"href":"https:\/\/aprimora.site\/carvalhoalmeidaadvogados\/wp-json\/wp\/v2\/posts\/22421"}],"collection":[{"href":"https:\/\/aprimora.site\/carvalhoalmeidaadvogados\/wp-json\/wp\/v2\/posts"}],"about":[{"href":"https:\/\/aprimora.site\/carvalhoalmeidaadvogados\/wp-json\/wp\/v2\/types\/post"}],"replies":[{"embeddable":true,"href":"https:\/\/aprimora.site\/carvalhoalmeidaadvogados\/wp-json\/wp\/v2\/comments?post=22421"}],"version-history":[{"count":0,"href":"https:\/\/aprimora.site\/carvalhoalmeidaadvogados\/wp-json\/wp\/v2\/posts\/22421\/revisions"}],"wp:attachment":[{"href":"https:\/\/aprimora.site\/carvalhoalmeidaadvogados\/wp-json\/wp\/v2\/media?parent=22421"}],"wp:term":[{"taxonomy":"category","embeddable":true,"href":"https:\/\/aprimora.site\/carvalhoalmeidaadvogados\/wp-json\/wp\/v2\/categories?post=22421"},{"taxonomy":"post_tag","embeddable":true,"href":"https:\/\/aprimora.site\/carvalhoalmeidaadvogados\/wp-json\/wp\/v2\/tags?post=22421"}],"curies":[{"name":"wp","href":"https:\/\/api.w.org\/{rel}","templated":true}]}}