{"id":22419,"date":"2026-04-28T23:03:39","date_gmt":"2026-04-29T02:03:39","guid":{"rendered":"https:\/\/aprimora.site\/carvalhoalmeidaadvogados\/2026\/04\/28\/camara-aprova-projeto-que-fixa-prazo-prescricional-de-5-anos-para-punir-titulares-de-cartorios\/"},"modified":"2026-04-28T23:03:39","modified_gmt":"2026-04-29T02:03:39","slug":"camara-aprova-projeto-que-fixa-prazo-prescricional-de-5-anos-para-punir-titulares-de-cartorios","status":"publish","type":"post","link":"https:\/\/aprimora.site\/carvalhoalmeidaadvogados\/2026\/04\/28\/camara-aprova-projeto-que-fixa-prazo-prescricional-de-5-anos-para-punir-titulares-de-cartorios\/","title":{"rendered":"C\u00e2mara aprova projeto que fixa prazo prescricional de 5 anos para punir titulares de cart\u00f3rios"},"content":{"rendered":"<p>A <a href=\"https:\/\/www.jota.info\/tudo-sobre\/camara-dos-deputados\">C\u00e2mara dos Deputados<\/a> aprovou, nesta ter\u00e7a-feira (28\/4), o projeto de lei que estabelece prazo de cinco anos para a aplica\u00e7\u00e3o de san\u00e7\u00f5es administrativas contra tabeli\u00e3es e registradores. A proposta (PL 3.453\/2024) altera a <a href=\"https:\/\/www.jota.info\/tudo-sobre\/lei-dos-cartorios\">Lei dos Cart\u00f3rios<\/a> (Lei 8.935\/1994) e prev\u00ea a contagem a partir do fato ou do fim da conduta. O texto segue para an\u00e1lise do Senado.<\/p>\n<p class=\"jota-cta\"><a href=\"https:\/\/conteudo.jota.info\/marketing-lp-newsletter-ultimas-noticias?utm_source=jota&amp;utm_medium=lp&amp;utm_campaign=23-09-2024-jota-lp-eleicoes-2024-eleicoes-2024-none-audiencias-none&amp;utm_content=eleicoes-2024&amp;utm_term=none\"><span>Assine gratuitamente a newsletter \u00daltimas Not\u00edcias do <span class=\"jota\">JOTA<\/span> e receba as principais not\u00edcias jur\u00eddicas e pol\u00edticas do dia no seu email<\/span><\/a><\/p>\n<p>Hoje, a legisla\u00e7\u00e3o que regula os servi\u00e7os notariais e de registro prev\u00ea puni\u00e7\u00f5es que v\u00e3o de advert\u00eancia e multa at\u00e9 suspens\u00e3o. Em casos mais graves, o respons\u00e1vel pode perder a delega\u00e7\u00e3o, por decis\u00e3o judicial ou administrativa.<\/p>\n<p>A lei atual, no entanto, n\u00e3o estabelece prazo para que o poder p\u00fablico investigue e sancione infra\u00e7\u00f5es disciplinares. Na justificativa da proposta, o autor, deputado Felipe Carreras (PSB-PE), considera que isso amplia a inseguran\u00e7a jur\u00eddica.<\/p>\n<p>\u201cA defini\u00e7\u00e3o clara desse prazo promoveria seguran\u00e7a jur\u00eddica e efici\u00eancia no sistema notarial e registral, incentivando uma administra\u00e7\u00e3o mais \u00e1gil e justa, e evitando a perpetua\u00e7\u00e3o de processos disciplinares. Assim, a cria\u00e7\u00e3o desse prazo contribuiria significativamente para a efic\u00e1cia e a transpar\u00eancia no sistema de servi\u00e7os notariais e de registro\u201d, afirma o parlamentar.<\/p>\n<p>O texto aprovado estabelece que o prazo de prescri\u00e7\u00e3o come\u00e7a a contar a partir da ocorr\u00eancia do fato ou, no caso de infra\u00e7\u00f5es continuadas, do momento em que elas cessarem. A proposta, \u00e0 principio, estabelecia prazo de tr\u00eas anos. O per\u00edodo foi ampliado pela relatora Lu\u00edsa Canziani (Uni\u00e3o-PR).<\/p>\n<p>Segundo a deputada, a medida evita a \u201cevitar a eterniza\u00e7\u00e3o de conflitos administrativos\u201d e d\u00e1 \u201cprevisibilidade \u00e0s rela\u00e7\u00f5es disciplinares\u201d.<\/p>\n<p>O projeto foi aprovado com voto contr\u00e1rio do partido Novo.<\/p>","protected":false},"excerpt":{"rendered":"<p>A C\u00e2mara dos Deputados aprovou, nesta ter\u00e7a-feira (28\/4), o projeto de lei que estabelece prazo de cinco anos para a aplica\u00e7\u00e3o de san\u00e7\u00f5es administrativas contra tabeli\u00e3es e registradores. A proposta (PL 3.453\/2024) altera a Lei dos Cart\u00f3rios (Lei 8.935\/1994) e prev\u00ea a contagem a partir do fato ou do fim da conduta. O texto segue [&hellip;]<\/p>\n","protected":false},"author":0,"featured_media":0,"comment_status":"open","ping_status":"open","sticky":false,"template":"","format":"standard","meta":[],"categories":[1],"tags":[],"_links":{"self":[{"href":"https:\/\/aprimora.site\/carvalhoalmeidaadvogados\/wp-json\/wp\/v2\/posts\/22419"}],"collection":[{"href":"https:\/\/aprimora.site\/carvalhoalmeidaadvogados\/wp-json\/wp\/v2\/posts"}],"about":[{"href":"https:\/\/aprimora.site\/carvalhoalmeidaadvogados\/wp-json\/wp\/v2\/types\/post"}],"replies":[{"embeddable":true,"href":"https:\/\/aprimora.site\/carvalhoalmeidaadvogados\/wp-json\/wp\/v2\/comments?post=22419"}],"version-history":[{"count":0,"href":"https:\/\/aprimora.site\/carvalhoalmeidaadvogados\/wp-json\/wp\/v2\/posts\/22419\/revisions"}],"wp:attachment":[{"href":"https:\/\/aprimora.site\/carvalhoalmeidaadvogados\/wp-json\/wp\/v2\/media?parent=22419"}],"wp:term":[{"taxonomy":"category","embeddable":true,"href":"https:\/\/aprimora.site\/carvalhoalmeidaadvogados\/wp-json\/wp\/v2\/categories?post=22419"},{"taxonomy":"post_tag","embeddable":true,"href":"https:\/\/aprimora.site\/carvalhoalmeidaadvogados\/wp-json\/wp\/v2\/tags?post=22419"}],"curies":[{"name":"wp","href":"https:\/\/api.w.org\/{rel}","templated":true}]}}