{"id":22417,"date":"2026-04-28T20:59:06","date_gmt":"2026-04-28T23:59:06","guid":{"rendered":"https:\/\/aprimora.site\/carvalhoalmeidaadvogados\/2026\/04\/28\/tribunal-do-juri-julgara-tenente-coronel-da-pm-de-sao-paulo-acusado-de-feminicidio\/"},"modified":"2026-04-28T20:59:06","modified_gmt":"2026-04-28T23:59:06","slug":"tribunal-do-juri-julgara-tenente-coronel-da-pm-de-sao-paulo-acusado-de-feminicidio","status":"publish","type":"post","link":"https:\/\/aprimora.site\/carvalhoalmeidaadvogados\/2026\/04\/28\/tribunal-do-juri-julgara-tenente-coronel-da-pm-de-sao-paulo-acusado-de-feminicidio\/","title":{"rendered":"Tribunal do j\u00fari julgar\u00e1 tenente-coronel da PM de S\u00e3o Paulo acusado de feminic\u00eddio"},"content":{"rendered":"<p>Tribunal do j\u00fari julgar\u00e1 tenente-coronel da PM de S\u00e3o Paulo acusado de feminic\u00eddio<\/p>","protected":false},"excerpt":{"rendered":"<p>Tribunal do j\u00fari julgar\u00e1 tenente-coronel da PM de S\u00e3o Paulo acusado de feminic\u00eddio<\/p>\n","protected":false},"author":0,"featured_media":0,"comment_status":"open","ping_status":"open","sticky":false,"template":"","format":"standard","meta":[],"categories":[1],"tags":[],"_links":{"self":[{"href":"https:\/\/aprimora.site\/carvalhoalmeidaadvogados\/wp-json\/wp\/v2\/posts\/22417"}],"collection":[{"href":"https:\/\/aprimora.site\/carvalhoalmeidaadvogados\/wp-json\/wp\/v2\/posts"}],"about":[{"href":"https:\/\/aprimora.site\/carvalhoalmeidaadvogados\/wp-json\/wp\/v2\/types\/post"}],"replies":[{"embeddable":true,"href":"https:\/\/aprimora.site\/carvalhoalmeidaadvogados\/wp-json\/wp\/v2\/comments?post=22417"}],"version-history":[{"count":0,"href":"https:\/\/aprimora.site\/carvalhoalmeidaadvogados\/wp-json\/wp\/v2\/posts\/22417\/revisions"}],"wp:attachment":[{"href":"https:\/\/aprimora.site\/carvalhoalmeidaadvogados\/wp-json\/wp\/v2\/media?parent=22417"}],"wp:term":[{"taxonomy":"category","embeddable":true,"href":"https:\/\/aprimora.site\/carvalhoalmeidaadvogados\/wp-json\/wp\/v2\/categories?post=22417"},{"taxonomy":"post_tag","embeddable":true,"href":"https:\/\/aprimora.site\/carvalhoalmeidaadvogados\/wp-json\/wp\/v2\/tags?post=22417"}],"curies":[{"name":"wp","href":"https:\/\/api.w.org\/{rel}","templated":true}]}}