{"id":22414,"date":"2026-04-28T19:33:19","date_gmt":"2026-04-28T22:33:19","guid":{"rendered":"https:\/\/aprimora.site\/carvalhoalmeidaadvogados\/?p=22414"},"modified":"2026-04-28T19:33:19","modified_gmt":"2026-04-28T22:33:19","slug":"age-realiza-primeira-reuniao-de-analise-da-estrategia-de-2026","status":"publish","type":"post","link":"https:\/\/aprimora.site\/carvalhoalmeidaadvogados\/2026\/04\/28\/age-realiza-primeira-reuniao-de-analise-da-estrategia-de-2026\/","title":{"rendered":"AGE realiza primeira Reuni\u00e3o de An\u00e1lise da Estrat\u00e9gia de 2026"},"content":{"rendered":"<p><span>AGE realiza primeira Reuni\u00e3o de An\u00e1lise da Estrat\u00e9gia de 2026<\/span><\/p>\n<div>  <a href=\"https:\/\/trt15.jus.br\/noticia\/2026\/age-realiza-primeira-reuniao-de-analise-da-estrategia-de-2026\"><\/a>\n<\/div>\n<p><span><span>nelipimenta<\/span><\/span><\/p>\n<p><span>Ter, 28\/04\/2026 &#8211; 16:33<\/span><\/p>\n<div>\n<div>AGE realiza primeira Reuni\u00e3o de An\u00e1lise da Estrat\u00e9gia de 2026<\/div>\n<\/div>\n<div>\n<div class=\"visually-hidden\">Conte\u00fado da Not\u00edcia<\/div>\n<div>\n<p>A Assessoria de Gest\u00e3o Estrat\u00e9gica do Tribunal Regional do Trabalho da 15\u00aa Regi\u00e3o realizou, nesta ter\u00e7a-feira, 28\/4, a primeira Reuni\u00e3o de An\u00e1lise da Estrat\u00e9gia (RAE) do ano, com o objetivo de avaliar o desempenho do TRT-15 no cumprimento das Metas Nacionais estabelecidas pelo Conselho Nacional de Justi\u00e7a (CNJ), com base em informa\u00e7\u00f5es consolidadas no per\u00edodo de janeiro a dezembro de 2025. O encontro, conduzido pela presidente da Corte, desembargadora Ana Paula Pellegrina Lockmann, contou com a participa\u00e7\u00e3o do corregedor e do vice-corregedor do TRT-15, desembargadores Renan Ravel Rodrigues Fagundes e Edison dos Santos Pelegrini, da vice-ouvidora, desembargadora Rosemeire Uehara Tanaka, da coordenadora de metas do tribunal, desembargadora Andrea Guelfi Cunha, al\u00e9m da representante da Associa\u00e7\u00e3o dos Magistrados da Justi\u00e7a do Trabalho da 15\u00aa Regi\u00e3o (Amatra XV), ju\u00edza Lady Ane de Paula Santos Della Rocca, al\u00e9m de ju\u00edzes auxiliares da Alta Administra\u00e7\u00e3o e gestores das \u00e1reas administrativa e judicial do TRT-15.<\/p>\n<p>\nAuxiliada pela assessora de Gest\u00e3o Estrat\u00e9gica, Iara Cristina Gomes, a desembargadora Andrea Guelfi participou da exposi\u00e7\u00e3o dos resultados de seis metas relacionadas aos t\u00f3picos mais sens\u00edveis, al\u00e9m da meta espec\u00edfica referente \u00e0 \u00e1rea da Sa\u00fade. Na Meta 1, que prev\u00ea o julgamento de quantidade maior de processos de conhecimento do que os distribu\u00eddos de 20\/12\/2024 a 19\/12\/2025 (exclu\u00eddos os suspensos e sobrestados no mesmo per\u00edodo), o TRT-15 registrou desempenho global de 93,02%, sendo 88,39% no 1\u00ba grau e 103,92% no 2\u00ba grau, enquanto a meta estabelecida pelo CNJ \u00e9 de 100%. A desembargadora Andrea Guelfi ressaltou que, para a an\u00e1lise mais fiel desse n\u00famero, \u00e9 preciso \u201cconsiderar o cen\u00e1rio de expressivo aumento de processos no per\u00edodo\u201d. Ao todo foram 318.551 distribu\u00eddos e 283.615 solucionados, com um acr\u00e9scimo de 25 mil processos em rela\u00e7\u00e3o a 2024 (que registrou 293.491 processos distribu\u00eddos). A desembargadora Guelfi salientou, contudo, que esse resultado foi alcan\u00e7ado com uma equipe de magistrados e servidores ainda menor que a do per\u00edodo de 2024. Ao todo foram 89 servidores, tr\u00eas ju\u00edzes e quatro desembargadores a menos.<\/p>\n\n<p>J\u00e1 na Meta 2 (parte 1), voltada ao julgamento de pelo menos 94% dos processos mais antigos, o Tribunal alcan\u00e7ou 98,55%, sendo 98,22% no primeiro grau e 99,86% no segundo grau. J\u00e1 na parte 2 da meta, que se refere ao julgamento de 100% de processos de conhecimento mais antigos (pendentes de julgamento h\u00e1 mais de cinco anos), o resultado foi de 91,24%, sendo 90,34% no primeiro grau e 100% no segundo.<\/p>\n<p>Na Meta 3, voltada \u00e0 concilia\u00e7\u00e3o, o TRT-15 superou o \u00edndice fixado pelo CNJ (42,58%), alcan\u00e7ando 43,55% no primeiro grau, exclusivamente nos processos de conhecimento. J\u00e1 na Meta 5, que mede a redu\u00e7\u00e3o da taxa de congestionamento l\u00edquida, o Tribunal atingiu 48,87%, acima do limite m\u00e1ximo de 45,41% definido pelo CNJ.<\/p>\n\n<p>No \u00e2mbito da Meta 9, dedicada \u00e0 inova\u00e7\u00e3o no Judici\u00e1rio, a ju\u00edza auxiliar da Presid\u00eancia e coordenadora do Co.Labora 15, Daniela Macia Ferraz Giannini, apresentou dois novos projetos desenvolvidos. O primeiro, criado em parceria com o TRT da 2\u00aa Regi\u00e3o (SP), recebeu o nome de IN-Pacto \u2013 Ambiente Digital para Concilia\u00e7\u00f5es, oferecendo uma solu\u00e7\u00e3o que permite a homologa\u00e7\u00e3o de acordos de forma ass\u00edncrona, com seguran\u00e7a e preserva\u00e7\u00e3o da privacidade. O segundo, desenvolvido em conjunto com o TRT da 3\u00aa Regi\u00e3o (MG), \u00e9 a plataforma Precat\u00f3rio \u00e0 Vista, criada para ampliar a transpar\u00eancia e o acesso \u00e0s informa\u00e7\u00f5es sobre precat\u00f3rios e requisi\u00e7\u00f5es de pequeno valor, beneficiando tanto a administra\u00e7\u00e3o interna quanto a sociedade.<\/p>\n<p>Na Meta 10, voltada ao enfrentamento do trabalho infantil e \u00e0 promo\u00e7\u00e3o da aprendizagem, foram lembradas iniciativas realizadas com o Minist\u00e9rio P\u00fablico do Trabalho e institui\u00e7\u00f5es de ensino, incluindo o semin\u00e1rio promovido em Campos do Jord\u00e3o, nos dias 12 e 13 de junho, com o tema \u201cCuidar da inf\u00e2ncia \u00e9 proteger o futuro do pa\u00eds\u201d.<\/p>\n\n<p>Um dos destaques da reuni\u00e3o foi o cumprimento integral da meta espec\u00edfica de promo\u00e7\u00e3o da sa\u00fade de magistrados e servidores. A meta prev\u00ea a realiza\u00e7\u00e3o de exames peri\u00f3dicos em 15% dos magistrados e 15% dos servidores, \u00edndice que foi plenamente alcan\u00e7ado. Ao todo foram realizados 80 exames (21,56%) e registradas 97 participa\u00e7\u00f5es em a\u00e7\u00f5es de qualidade de vida (26,15%), num universo de 371 magistrados. J\u00e1 entre os servidores, o resultado final com 3.393 participantes,\u00a0 foram realizados 982 exames (28,94%) e 2.083 participa\u00e7\u00f5es em a\u00e7\u00f5es (61,39%).<\/p>\n<p>Ao final do encontro, a presidente Ana Paula Lockmann parabenizou a equipe da AGE pelos resultados do relat\u00f3rio, e especialmente ao conjunto de desembargadores, ju\u00edzes e servidores, pelo esfor\u00e7o, que reflete o empenho constante do Tribunal em alinhar suas a\u00e7\u00f5es aos objetivos definidos pelo CNJ. A presidente tamb\u00e9m refor\u00e7ou a import\u00e2ncia de que toda a Administra\u00e7\u00e3o trabalhe de forma integrada e coesa, fortalecendo a colabora\u00e7\u00e3o entre magistrados e servidores para garantir o cumprimento das metas e o aprimoramento cont\u00ednuo da efici\u00eancia e da qualidade dos servi\u00e7os prestados pelo TRT-15.<\/p>\n<\/div><\/div>\n<div>\n<div>Unidade Respons\u00e1vel:<\/div>\n<div>Comunica\u00e7\u00e3o Social<\/div>\n<\/div>\n<div>Ter, 28\/04\/2026 &#8211; 16:33<\/div>\n<p>      <span class=\"a2a_kit a2a_kit_size_16 addtoany_list\"><a class=\"a2a_dd addtoany_share\" href=\"https:\/\/www.addtoany.com\/share#url=https%3A%2F%2Ftrt15.jus.br%2Fnoticia%2F2026%2Fage-realiza-primeira-reuniao-de-analise-da-estrategia-de-2026&amp;title=AGE%20realiza%20primeira%20Reuni%C3%A3o%20de%20An%C3%A1lise%20da%20Estrat%C3%A9gia%20de%202026\"><\/a><a class=\"a2a_button_whatsapp\"><\/a><a class=\"a2a_button_google_gmail\"><\/a><a class=\"a2a_button_twitter\"><\/a><a class=\"a2a_button_facebook\"><\/a><a class=\"a2a_button_linkedin\"><\/a><\/span><\/p>","protected":false},"excerpt":{"rendered":"<p>AGE realiza primeira Reuni\u00e3o de An\u00e1lise da Estrat\u00e9gia de 2026 nelipimenta Ter, 28\/04\/2026 &#8211; 16:33 AGE realiza primeira Reuni\u00e3o de An\u00e1lise da Estrat\u00e9gia de 2026 Conte\u00fado da Not\u00edcia A Assessoria de Gest\u00e3o Estrat\u00e9gica do Tribunal Regional do Trabalho da 15\u00aa Regi\u00e3o realizou, nesta ter\u00e7a-feira, 28\/4, a primeira Reuni\u00e3o de An\u00e1lise da Estrat\u00e9gia (RAE) do ano, [&hellip;]<\/p>\n","protected":false},"author":0,"featured_media":22415,"comment_status":"open","ping_status":"open","sticky":false,"template":"","format":"standard","meta":[],"categories":[1],"tags":[],"_links":{"self":[{"href":"https:\/\/aprimora.site\/carvalhoalmeidaadvogados\/wp-json\/wp\/v2\/posts\/22414"}],"collection":[{"href":"https:\/\/aprimora.site\/carvalhoalmeidaadvogados\/wp-json\/wp\/v2\/posts"}],"about":[{"href":"https:\/\/aprimora.site\/carvalhoalmeidaadvogados\/wp-json\/wp\/v2\/types\/post"}],"replies":[{"embeddable":true,"href":"https:\/\/aprimora.site\/carvalhoalmeidaadvogados\/wp-json\/wp\/v2\/comments?post=22414"}],"version-history":[{"count":0,"href":"https:\/\/aprimora.site\/carvalhoalmeidaadvogados\/wp-json\/wp\/v2\/posts\/22414\/revisions"}],"wp:featuredmedia":[{"embeddable":true,"href":"https:\/\/aprimora.site\/carvalhoalmeidaadvogados\/wp-json\/wp\/v2\/media\/22415"}],"wp:attachment":[{"href":"https:\/\/aprimora.site\/carvalhoalmeidaadvogados\/wp-json\/wp\/v2\/media?parent=22414"}],"wp:term":[{"taxonomy":"category","embeddable":true,"href":"https:\/\/aprimora.site\/carvalhoalmeidaadvogados\/wp-json\/wp\/v2\/categories?post=22414"},{"taxonomy":"post_tag","embeddable":true,"href":"https:\/\/aprimora.site\/carvalhoalmeidaadvogados\/wp-json\/wp\/v2\/tags?post=22414"}],"curies":[{"name":"wp","href":"https:\/\/api.w.org\/{rel}","templated":true}]}}