{"id":22413,"date":"2026-04-28T19:17:08","date_gmt":"2026-04-28T22:17:08","guid":{"rendered":"https:\/\/aprimora.site\/carvalhoalmeidaadvogados\/2026\/04\/28\/ministro-do-trabalho-rejeita-compensar-empresas-por-fim-da-escala-6x1\/"},"modified":"2026-04-28T19:17:08","modified_gmt":"2026-04-28T22:17:08","slug":"ministro-do-trabalho-rejeita-compensar-empresas-por-fim-da-escala-6x1","status":"publish","type":"post","link":"https:\/\/aprimora.site\/carvalhoalmeidaadvogados\/2026\/04\/28\/ministro-do-trabalho-rejeita-compensar-empresas-por-fim-da-escala-6x1\/","title":{"rendered":"Ministro do Trabalho rejeita compensar empresas por fim da escala 6\u00d71"},"content":{"rendered":"<p>O ministro do Trabalho e Emprego (MTE), Luiz Marinho (PT), afastou a possibilidade de o governo federal compensar ou desonerar as empresas caso o <a href=\"https:\/\/www.jota.info\/tudo-sobre\/escala-6x1\">fim da escala 6\u00d71<\/a> avance. Segundo Marinho, a posi\u00e7\u00e3o do governo <a href=\"https:\/\/www.jota.info\/tudo-sobre\/lula\">Luiz In\u00e1cio Lula da Silva<\/a> (PT) \u00e9 bem clara quanto a isso, no sentido de que n\u00e3o cabe compensa\u00e7\u00e3o nesse tipo de benef\u00edcio para o conjunto da economia, da sociedade, das empresas e dos trabalhadores.<\/p>\n<p>Por essa raz\u00e3o, o ministro disse que, caso seja inclu\u00edda uma proposta de compensa\u00e7\u00e3o ou a n\u00edvel de desonera\u00e7\u00e3o para as empresas na PEC 8\/25 \u2013 que discute o fim da escala de seis dias de trabalho e um de descanso (6\u00d71) \u2013, a orienta\u00e7\u00e3o do governo aos parlamentares que comp\u00f5em a base ser\u00e1 para rejeitar a proposi\u00e7\u00e3o. A fala de Marinho ocorreu nesta segunda-feira (27\/4) durante coletiva de imprensa a jornalistas, em Bras\u00edlia, ap\u00f3s a divulga\u00e7\u00e3o do 5\u00b0 Relat\u00f3rio de Transpar\u00eancia Salarial e Crit\u00e9rios Remunerat\u00f3rios.<\/p>\n<p class=\"jota-cta\"><a href=\"https:\/\/conteudo.jota.info\/marketing-lp-conversao-jota-pro-trabalhista?utm_source=site&amp;utm_medium=lp&amp;utm_campaign=11-03-2025-site-lp-cta-pro-trabalhista-lead-site-audiencias-trabalhista&amp;utm_content=site-lp-cta-pro-trabalhista-lead-site-trabalhista&amp;utm_term=audiencias\">Conhe\u00e7a o <span class=\"jota\">JOTA<\/span> PRO Trabalhista, solu\u00e7\u00e3o corporativa que antecipa as movimenta\u00e7\u00f5es trabalhistas no Judici\u00e1rio, Legislativo e Executivo<\/a><\/p>\n<p>\u201cHistoricamente, sempre as empresas v\u00eam com um choror\u00f4 muito grande. Ele \u00e9 al\u00e9m da realidade. Essa \u00e9 a nossa avalia\u00e7\u00e3o. Em todos os momentos que vai acontecer algum benef\u00edcio, elas trazem que vai desregular, criar fragilidade, gerar desemprego, informalidade, que ir\u00e1 quebrar as empresas. A hist\u00f3ria diz exatamente o contr\u00e1rio, no mundo e no Brasil\u201d, destacou o ministro.<\/p>\n<p>Assim, afirmou que existem v\u00e1rios aspectos positivos que se contrap\u00f5em aos argumentos negativos levantados pelo setor produtivo. Marinho, por\u00e9m, destacou que o governo possui uma abertura \u00e0 escuta e, por isso, caso algum nicho de empresas perceba algum problema na discuss\u00e3o, o Executivo ir\u00e1 escut\u00e1-lo.<\/p>\n<p>Por outro lado, enfatizou que esse di\u00e1logo ser\u00e1 em momento posterior. \u201cN\u00e3o \u00e9 agora no bojo da redu\u00e7\u00e3o da jornada sem redu\u00e7\u00e3o de sal\u00e1rio que se discute compensa\u00e7\u00e3o, porque ser\u00e1 preciso analisar as especificidades de cada micro-setor para observar. Se tiver impacto, seguramente n\u00f3s iremos olhar, mas n\u00e3o ser\u00e1 agora\u201d, afirmou.<\/p>\n<p>Marinho tamb\u00e9m ressaltou em outro momento que o debate sobre o fim da escala 6\u00d71 est\u00e1 em tramita\u00e7\u00e3o no Congresso Nacional h\u00e1 muito tempo, com o in\u00edcio da discuss\u00e3o atrav\u00e9s da PEC 221, de 2019.<\/p>\n<p>O ministro do Trabalho ainda destacou a prefer\u00eancia do governo federal para que a mudan\u00e7a da jornada de trabalho seja feita atrav\u00e9s de um Projeto de Lei (PL), embora n\u00e3o haja uma rejei\u00e7\u00e3o do Executivo em rela\u00e7\u00e3o \u00e0s Propostas de Emendas Constitucionais (PECs).<\/p>\n<p>De acordo com o ministro, os PLs permitem que o Executivo vete \u201ccontrabandos\u201d \u2013 ou seja, as disposi\u00e7\u00f5es indesejadas \u2013 que podem ser inclu\u00eddos no texto da proposta, o que n\u00e3o seria poss\u00edvel com as PECs, em que tais proposi\u00e7\u00f5es indesejadas v\u00e3o diretamente para a Constitui\u00e7\u00e3o. \u201cSe a PEC avan\u00e7ar e atender todos os pontos, est\u00e1 tudo certo. Agora, \u00e9 reconhecidamente que as PECs t\u00eam um caminho mais longo a percorrer\u201d, pontuou.<\/p>\n<p class=\"jota-cta\"><a href=\"https:\/\/conteudo.jota.info\/marketing-lp-newsletter-ultimas-noticias?utm_source=jota&amp;utm_medium=lp&amp;utm_campaign=23-09-2024-jota-lp-eleicoes-2024-eleicoes-2024-none-audiencias-none&amp;utm_content=eleicoes-2024&amp;utm_term=none\">Assine gratuitamente a newsletter \u00daltimas Not\u00edcias do <span class=\"jota\">JOTA<\/span> e receba as principais not\u00edcias jur\u00eddicas e pol\u00edticas do dia no seu email<\/a><\/p>\n<p>Por fim, o ministro do Trabalho enfatizou que h\u00e1 um forte desejo social, especialmente da juventude feminina, pelo fim da escala 6\u00d71. Nesse sentido, Marinho pontuou que empresas que testaram a mudan\u00e7a para a escala 5\u00d72 \u2013 cinco dias de trabalho e dois de descanso \u2013 relataram resultados positivos com a ado\u00e7\u00e3o do modelo, como a elimina\u00e7\u00e3o de faltas, o que o ministro classificou como algo caro \u00e0s companhias, e maior facilidade para preencher vagas, antes mesmo da aprova\u00e7\u00e3o do fim da 6\u00d71.<\/p>\n<p>\u201cEnt\u00e3o, na medida que voc\u00ea elimina as faltas, voc\u00ea melhora o seu resultado. Portanto, isso ajuda a compensar o impacto do custo do fim da 6\u00d71 e da redu\u00e7\u00e3o da jornada de trabalho\u201d, concluiu Marinho.<\/p>","protected":false},"excerpt":{"rendered":"<p>O ministro do Trabalho e Emprego (MTE), Luiz Marinho (PT), afastou a possibilidade de o governo federal compensar ou desonerar as empresas caso o fim da escala 6\u00d71 avance. Segundo Marinho, a posi\u00e7\u00e3o do governo Luiz In\u00e1cio Lula da Silva (PT) \u00e9 bem clara quanto a isso, no sentido de que n\u00e3o cabe compensa\u00e7\u00e3o nesse [&hellip;]<\/p>\n","protected":false},"author":0,"featured_media":0,"comment_status":"open","ping_status":"open","sticky":false,"template":"","format":"standard","meta":[],"categories":[1],"tags":[],"_links":{"self":[{"href":"https:\/\/aprimora.site\/carvalhoalmeidaadvogados\/wp-json\/wp\/v2\/posts\/22413"}],"collection":[{"href":"https:\/\/aprimora.site\/carvalhoalmeidaadvogados\/wp-json\/wp\/v2\/posts"}],"about":[{"href":"https:\/\/aprimora.site\/carvalhoalmeidaadvogados\/wp-json\/wp\/v2\/types\/post"}],"replies":[{"embeddable":true,"href":"https:\/\/aprimora.site\/carvalhoalmeidaadvogados\/wp-json\/wp\/v2\/comments?post=22413"}],"version-history":[{"count":0,"href":"https:\/\/aprimora.site\/carvalhoalmeidaadvogados\/wp-json\/wp\/v2\/posts\/22413\/revisions"}],"wp:attachment":[{"href":"https:\/\/aprimora.site\/carvalhoalmeidaadvogados\/wp-json\/wp\/v2\/media?parent=22413"}],"wp:term":[{"taxonomy":"category","embeddable":true,"href":"https:\/\/aprimora.site\/carvalhoalmeidaadvogados\/wp-json\/wp\/v2\/categories?post=22413"},{"taxonomy":"post_tag","embeddable":true,"href":"https:\/\/aprimora.site\/carvalhoalmeidaadvogados\/wp-json\/wp\/v2\/tags?post=22413"}],"curies":[{"name":"wp","href":"https:\/\/api.w.org\/{rel}","templated":true}]}}