{"id":22411,"date":"2026-04-28T19:17:08","date_gmt":"2026-04-28T22:17:08","guid":{"rendered":"https:\/\/aprimora.site\/carvalhoalmeidaadvogados\/2026\/04\/28\/desoneracao-da-folha-pgr-se-manifesta-a-favor-da-solucao-de-zanin\/"},"modified":"2026-04-28T19:17:08","modified_gmt":"2026-04-28T22:17:08","slug":"desoneracao-da-folha-pgr-se-manifesta-a-favor-da-solucao-de-zanin","status":"publish","type":"post","link":"https:\/\/aprimora.site\/carvalhoalmeidaadvogados\/2026\/04\/28\/desoneracao-da-folha-pgr-se-manifesta-a-favor-da-solucao-de-zanin\/","title":{"rendered":"Desonera\u00e7\u00e3o da folha: PGR se manifesta a favor da solu\u00e7\u00e3o de Zanin"},"content":{"rendered":"<p>A Procuradoria-Geral da Rep\u00fablica (<a href=\"https:\/\/www.jota.info\/tudo-sobre\/PGR\">PGR<\/a>) se manifestou nesta ter\u00e7a-feira (28\/4) a favor da solu\u00e7\u00e3o do relator, ministro <a href=\"https:\/\/www.jota.info\/tudo-sobre\/cristiano-zanin\">Cristiano Zanin<\/a>, na a\u00e7\u00e3o que discute a desonera\u00e7\u00e3o da folha de pagamentos. O julgamento est\u00e1 previsto para ser retomado nesta quarta-feira (29\/5), ap\u00f3s ser interrompido por um pedido de vista do ministro <a href=\"http:\/\/www.jota.info\/tudo-sobre\/alexandre-de-moraes\">Alexandre de Moraes<\/a>, em outubro de 2025.<\/p>\n<p>Em seu voto, Zanin manteve o teor da liminar proferida em 2024, ao entender que \u00e9 preciso prever a compensa\u00e7\u00e3o em caso de ren\u00fancia de receita \u2014 o que n\u00e3o tinha sido feito no caso da prorroga\u00e7\u00e3o da desonera\u00e7\u00e3o da folha em 2023 (<a href=\"https:\/\/www.planalto.gov.br\/ccivil_03\/_ato2023-2026\/2023\/lei\/l14784.htm\">Lei 14.784\/2023<\/a>).<\/p>\n<p class=\"jota-cta\"><a href=\"https:\/\/www.jota.info\/produtos\/tributos?utm_source=cta-site&amp;utm_medium=site&amp;utm_campaign=campanha_tributos_q2&amp;utm_id=cta_texto_tributos_q2_2023&amp;utm_term=cta_texto_tributos&amp;utm_term=cta_texto_tributos_meio_materias\">Conhe\u00e7a o <span class=\"jota\">JOTA<\/span> PRO Tributos, plataforma de monitoramento tribut\u00e1rio para empresas e escrit\u00f3rios com decis\u00f5es e movimenta\u00e7\u00f5es do Carf, STJ e STF<\/a><\/p>\n<p>Contudo, no voto, o ministro n\u00e3o entrou no m\u00e9rito do acordo fechado pelo governo federal com o Legislativo para a prorroga\u00e7\u00e3o gradual do prazo em 2024. Dessa forma, a nova lei da reonera\u00e7\u00e3o gradual (Lei 14.973\/2024) fica preservada e n\u00e3o muda o que as empresas j\u00e1 v\u00eam praticando.<\/p>\n<p>Na \u00e9poca da liminar, em 2024, o presidente <a href=\"https:\/\/www.jota.info\/tudo-sobre\/lula\">Luiz In\u00e1cio Lula da Silva<\/a> (PT) sancionou a lei mantendo a desonera\u00e7\u00e3o da folha de pagamento de empresas de 17 setores e munic\u00edpios at\u00e9 o fim de 2024, retomando gradualmente a tributa\u00e7\u00e3o no prazo de tr\u00eas anos (2025 a 2027) e com previs\u00e3o de medidas compensat\u00f3rias.<\/p>\n<p>A lei foi reflexo de um acordo entre Congresso e Executivo ap\u00f3s a controv\u00e9rsia chegar ao STF.<\/p>\n<p>Na avalia\u00e7\u00e3o de Zanin, n\u00e3o cabe nesta a\u00e7\u00e3o o exame do acordo do Congresso com o governo, nem a edi\u00e7\u00e3o da nova lei e a checagem se as compensa\u00e7\u00f5es s\u00e3o suficientes ou n\u00e3o \u2013 a Uni\u00e3o chegou a estimar R$ 20 bilh\u00f5es de preju\u00edzo.<\/p>\n<p>O ministro explicou que seu voto restringe-se \u00e0 constitucionalidade da Lei 14.784\/2023 que prorrogou a desonera\u00e7\u00e3o sem especificar quais seriam as compensa\u00e7\u00f5es para essa ren\u00fancia de receita. Com o voto, o ministro tenta deixar claro a necessidade de observar a sustentabilidade or\u00e7ament\u00e1ria.<\/p>\n<p>Em sua manifesta\u00e7\u00e3o, Gonet apoiou a solu\u00e7\u00e3o de Zanin de manter a a\u00e7\u00e3o mesmo diante de uma poss\u00edvel perda de objeto da a\u00e7\u00e3o. Em sua avalia\u00e7\u00e3o, o voto do relator traz seguran\u00e7a jur\u00eddica.<\/p>\n<p class=\"jota-cta\"><a href=\"https:\/\/conteudo.jota.info\/marketing-lp-newsletter-ultimas-noticias?utm_source=jota&amp;utm_medium=lp&amp;utm_campaign=23-09-2024-jota-lp-eleicoes-2024-eleicoes-2024-none-audiencias-none&amp;utm_content=eleicoes-2024&amp;utm_term=none\">Assine gratuitamente a newsletter \u00daltimas Not\u00edcias do <span class=\"jota\">JOTA<\/span> e receba as principais not\u00edcias jur\u00eddicas e pol\u00edticas do dia no seu email<\/a><\/p>\n<p>\u201cPor isso, \u00e9 salutar a solu\u00e7\u00e3o dada pelo eminente relator, em voto proferido na sess\u00e3o de julgamento virtual iniciada em 17.10.2025, no sentido de assentar a inconstitucionalidade sem pron\u00fancia de nulidade das normas atacadas, a fim de preservar as rela\u00e7\u00f5es jur\u00eddicas estabelecidas e evitar questionamentos judiciais futuros quanto aos benef\u00edcios fiscais concedidos ou suprimidos durante a sua vig\u00eancia\u201d, escreveu o PGR.<\/p>\n<p>At\u00e9 a interrup\u00e7\u00e3o, o placar estava 3 a 0 a favor do voto de Zanin, com a ades\u00e3o dos ministros Edson Fachin e Gilmar Mendes.<\/p>","protected":false},"excerpt":{"rendered":"<p>A Procuradoria-Geral da Rep\u00fablica (PGR) se manifestou nesta ter\u00e7a-feira (28\/4) a favor da solu\u00e7\u00e3o do relator, ministro Cristiano Zanin, na a\u00e7\u00e3o que discute a desonera\u00e7\u00e3o da folha de pagamentos. O julgamento est\u00e1 previsto para ser retomado nesta quarta-feira (29\/5), ap\u00f3s ser interrompido por um pedido de vista do ministro Alexandre de Moraes, em outubro de [&hellip;]<\/p>\n","protected":false},"author":0,"featured_media":0,"comment_status":"open","ping_status":"open","sticky":false,"template":"","format":"standard","meta":[],"categories":[1],"tags":[],"_links":{"self":[{"href":"https:\/\/aprimora.site\/carvalhoalmeidaadvogados\/wp-json\/wp\/v2\/posts\/22411"}],"collection":[{"href":"https:\/\/aprimora.site\/carvalhoalmeidaadvogados\/wp-json\/wp\/v2\/posts"}],"about":[{"href":"https:\/\/aprimora.site\/carvalhoalmeidaadvogados\/wp-json\/wp\/v2\/types\/post"}],"replies":[{"embeddable":true,"href":"https:\/\/aprimora.site\/carvalhoalmeidaadvogados\/wp-json\/wp\/v2\/comments?post=22411"}],"version-history":[{"count":0,"href":"https:\/\/aprimora.site\/carvalhoalmeidaadvogados\/wp-json\/wp\/v2\/posts\/22411\/revisions"}],"wp:attachment":[{"href":"https:\/\/aprimora.site\/carvalhoalmeidaadvogados\/wp-json\/wp\/v2\/media?parent=22411"}],"wp:term":[{"taxonomy":"category","embeddable":true,"href":"https:\/\/aprimora.site\/carvalhoalmeidaadvogados\/wp-json\/wp\/v2\/categories?post=22411"},{"taxonomy":"post_tag","embeddable":true,"href":"https:\/\/aprimora.site\/carvalhoalmeidaadvogados\/wp-json\/wp\/v2\/tags?post=22411"}],"curies":[{"name":"wp","href":"https:\/\/api.w.org\/{rel}","templated":true}]}}