{"id":22409,"date":"2026-04-28T18:03:42","date_gmt":"2026-04-28T21:03:42","guid":{"rendered":"https:\/\/aprimora.site\/carvalhoalmeidaadvogados\/2026\/04\/28\/motta-anuncia-relator-e-presidente-de-comissao-sobre-as-pecs-do-fim-da-escala-6x1\/"},"modified":"2026-04-28T18:03:42","modified_gmt":"2026-04-28T21:03:42","slug":"motta-anuncia-relator-e-presidente-de-comissao-sobre-as-pecs-do-fim-da-escala-6x1","status":"publish","type":"post","link":"https:\/\/aprimora.site\/carvalhoalmeidaadvogados\/2026\/04\/28\/motta-anuncia-relator-e-presidente-de-comissao-sobre-as-pecs-do-fim-da-escala-6x1\/","title":{"rendered":"Motta anuncia relator e presidente de comiss\u00e3o sobre as PECs do fim da escala 6\u00d71"},"content":{"rendered":"<p>O presidente da C\u00e2mara, <a href=\"https:\/\/www.jota.info\/tudo-sobre\/hugo-motta\">Hugo Motta<\/a> (Republicanos-PB), anunciou nesta ter\u00e7a (28\/4) o deputado Leo Prates (Republicanos-BA) como relator da comiss\u00e3o especial sobre as PECs do fim da <a href=\"https:\/\/www.jota.info\/tudo-sobre\/escala-6x1\">escala de trabalho 6\u00d71<\/a>. A presid\u00eancia do colegiado ficar\u00e1 com Alencar Santana (PT-SP).<\/p>\n<p>Na sexta-feira (24\/4), Motta autorizou a cria\u00e7\u00e3o da comiss\u00e3o especial e a previs\u00e3o \u00e9 de que o grupo seja instalado na tarde de quarta (29\/4). Ser\u00e3o 38 membros titulares e igual n\u00famero de suplentes.<\/p>\n<p class=\"jota-cta\"><a href=\"https:\/\/conteudo.jota.info\/marketing-lp-conversao-jota-pro-trabalhista?utm_source=site&amp;utm_medium=lp&amp;utm_campaign=11-03-2025-site-lp-cta-pro-trabalhista-lead-site-audiencias-trabalhista&amp;utm_content=site-lp-cta-pro-trabalhista-lead-site-trabalhista&amp;utm_term=audiencias\">Conhe\u00e7a o <span class=\"jota\">JOTA<\/span> PRO Trabalhista, solu\u00e7\u00e3o corporativa que antecipa as movimenta\u00e7\u00f5es trabalhistas no Judici\u00e1rio, Legislativo e Executivo<\/a><\/p>\n<p>A comiss\u00e3o \u00e9 respons\u00e1vel por analisar o m\u00e9rito dos projetos antes da vota\u00e7\u00e3o em plen\u00e1rio. \u00c9 onde podem ser discutidas altera\u00e7\u00f5es no texto, como a ado\u00e7\u00e3o de um regime de transi\u00e7\u00e3o ou formas de compensa\u00e7\u00e3o.<\/p>\n<p>Sobre o m\u00e9rito, deve prevalecer o entendimento de uma transi\u00e7\u00e3o, talvez de quatro anos, e 40 horas de jornada tem mais consenso que 36.<\/p>\n<p>Por ora, o tema deve tramitar via PECs. Mesmo com o envio do projeto do governo, Motta vai seguir essa via. A chance <a href=\"https:\/\/www.jota.info\/trabalho\/fim-da-escala-6x1-ccj-da-camara-aprova-admissibilidade-de-pecs\">de avan\u00e7o por meio de PEC \u00e9 mais alta<\/a>, embora n\u00e3o se possa descartar totalmente o avan\u00e7o da tramita\u00e7\u00e3o via projeto de lei.<\/p>\n<p>O governo enviou seu projeto mais por press\u00e3o e para se posicionar programaticamente em ano eleitoral. O projeto do governo tem urg\u00eancia constitucional e serve como uma forma de pressionar, porque se n\u00e3o for votado at\u00e9 o fim do prazo passa a trancar a pauta a partir de 30 de maio. A avalia\u00e7\u00e3o nos bastidores \u00e9 que o instrumento \u00e9 menos importante, vale a discuss\u00e3o do m\u00e9rito.<\/p>\n<p class=\"jota-cta\"><a href=\"https:\/\/conteudo.jota.info\/marketing-lp-newsletter-ultimas-noticias?utm_source=jota&amp;utm_medium=lp&amp;utm_campaign=23-09-2024-jota-lp-eleicoes-2024-eleicoes-2024-none-audiencias-none&amp;utm_content=eleicoes-2024&amp;utm_term=none\">Assine gratuitamente a newsletter \u00daltimas Not\u00edcias do <span class=\"jota\">JOTA<\/span> e receba as principais not\u00edcias jur\u00eddicas e pol\u00edticas do dia no seu email<\/a><\/p>","protected":false},"excerpt":{"rendered":"<p>O presidente da C\u00e2mara, Hugo Motta (Republicanos-PB), anunciou nesta ter\u00e7a (28\/4) o deputado Leo Prates (Republicanos-BA) como relator da comiss\u00e3o especial sobre as PECs do fim da escala de trabalho 6\u00d71. A presid\u00eancia do colegiado ficar\u00e1 com Alencar Santana (PT-SP). Na sexta-feira (24\/4), Motta autorizou a cria\u00e7\u00e3o da comiss\u00e3o especial e a previs\u00e3o \u00e9 de [&hellip;]<\/p>\n","protected":false},"author":0,"featured_media":0,"comment_status":"open","ping_status":"open","sticky":false,"template":"","format":"standard","meta":[],"categories":[1],"tags":[],"_links":{"self":[{"href":"https:\/\/aprimora.site\/carvalhoalmeidaadvogados\/wp-json\/wp\/v2\/posts\/22409"}],"collection":[{"href":"https:\/\/aprimora.site\/carvalhoalmeidaadvogados\/wp-json\/wp\/v2\/posts"}],"about":[{"href":"https:\/\/aprimora.site\/carvalhoalmeidaadvogados\/wp-json\/wp\/v2\/types\/post"}],"replies":[{"embeddable":true,"href":"https:\/\/aprimora.site\/carvalhoalmeidaadvogados\/wp-json\/wp\/v2\/comments?post=22409"}],"version-history":[{"count":0,"href":"https:\/\/aprimora.site\/carvalhoalmeidaadvogados\/wp-json\/wp\/v2\/posts\/22409\/revisions"}],"wp:attachment":[{"href":"https:\/\/aprimora.site\/carvalhoalmeidaadvogados\/wp-json\/wp\/v2\/media?parent=22409"}],"wp:term":[{"taxonomy":"category","embeddable":true,"href":"https:\/\/aprimora.site\/carvalhoalmeidaadvogados\/wp-json\/wp\/v2\/categories?post=22409"},{"taxonomy":"post_tag","embeddable":true,"href":"https:\/\/aprimora.site\/carvalhoalmeidaadvogados\/wp-json\/wp\/v2\/tags?post=22409"}],"curies":[{"name":"wp","href":"https:\/\/api.w.org\/{rel}","templated":true}]}}