{"id":22404,"date":"2026-04-28T17:07:48","date_gmt":"2026-04-28T20:07:48","guid":{"rendered":"https:\/\/aprimora.site\/carvalhoalmeidaadvogados\/2026\/04\/28\/confronto-com-stf-amplia-visibilidade-de-zema-mas-pesquisas-indicam-avanco-limitado\/"},"modified":"2026-04-28T17:07:48","modified_gmt":"2026-04-28T20:07:48","slug":"confronto-com-stf-amplia-visibilidade-de-zema-mas-pesquisas-indicam-avanco-limitado","status":"publish","type":"post","link":"https:\/\/aprimora.site\/carvalhoalmeidaadvogados\/2026\/04\/28\/confronto-com-stf-amplia-visibilidade-de-zema-mas-pesquisas-indicam-avanco-limitado\/","title":{"rendered":"Confronto com STF amplia visibilidade de Zema, mas pesquisas indicam avan\u00e7o limitado"},"content":{"rendered":"<p>O confronto entre <a href=\"https:\/\/www.jota.info\/tudo-sobre\/romeu-zema\">Romeu Zema<\/a> (Novo) e o ministro Gilmar Mendes, decano do Supremo Tribunal Federal (STF), dominou o debate pol\u00edtico e reverberou de Bras\u00edlia \u00e0 Faria Lima, mas, ao menos at\u00e9 agora, parece ter sido insuficiente para alavancar a pr\u00e9-candidatura do ex-governador de Minas Gerais ao Planalto e ajudar eleitoralmente seu sucessor no comando do estado.<\/p>\n<p>O embate teve in\u00edcio\u00a0 quando Mendes pediu ao ministro Alexandre de Moraes a inclus\u00e3o do ex-governador no inqu\u00e9rito das fake news, ap\u00f3s o mineiro divulgar uma s\u00e9rie de v\u00eddeos sat\u00edricos chamado \u201cOs Intoc\u00e1veis\u201d, em que fantoches representando o decano e o ministro Dias Toffoli simulam trocas de favores.<\/p>\n<p>Segundo levantamento da consultoria Bites, Zema turbinou suas redes sociais com a publica\u00e7\u00e3o das pe\u00e7as e ap\u00f3s o revide de Gilmar Mendes, dado na quarta-feira passada (23\/4), no \u201cJornal da Globo\u201d (TV Globo).<\/p>\n<p class=\"jota-cta\"><a href=\"https:\/\/www.jota.info\/produtos\/poder?utm_source=cta-site&amp;utm_medium=site&amp;utm_campaign=campanha_poder_q2&amp;utm_id=cta_texto_poder_q2_2023&amp;utm_term=cta_texto_poder&amp;utm_term=cta_texto_poder_meio_materias\"><span>Conhe\u00e7a o <span class=\"jota\">JOTA<\/span> PRO Poder, plataforma de monitoramento que oferece transpar\u00eancia e previsibilidade para empresas<\/span><\/a><\/p>\n<p>Para o mercado pol\u00edtico, o principal teste sobre a viabilidade do nome do Novo vir\u00e1 das pesquisas, e o primeiro levantamento chegou na segunda-feira (27\/4). A pesquisa Nexus\/BTG, realizada no \u00faltimo fim de semana (24 a 26 de abril), funciona como um primeiro term\u00f4metro do impacto eleitoral do epis\u00f3dio e aponta avan\u00e7o, embora marginal.<\/p>\n<p>Na espont\u00e2nea, ele dobrou sua participa\u00e7\u00e3o, de 1% para 2%, enquanto Lula foi de 32% para 33% e Fl\u00e1vio permaneceu em 26%. O mineiro tamb\u00e9m reduziu levemente o desconhecimento, de 37% para 35%, mas viu a rejei\u00e7\u00e3o subir de 31% para 33%. No cen\u00e1rio estimulado, o pr\u00e9-candidato do Novo avan\u00e7ou de 4% para 5%, repetindo um movimento incremental, enquanto Caiado manteve 4% e Renan Santos (Miss\u00e3o) dobrou de 2% para 4%, sugerindo dispers\u00e3o de parte do crescimento no campo da direita.<\/p>\n<p>Segundo pesquisa <a href=\"https:\/\/www.jota.info\/eleicoes\/eleicoes-2026\/atlasintel-bloomberg-aprovacao-de-lula-sobe-mas-disputa-segue-aberta\">AtlasIntel\/Bloomberg, realizada entre os dias 22 e 27 de abril e divulgada nesta manh\u00e3 (28\/4)<\/a>, os n\u00fameros do ex-governador s\u00e3o de estabilidade. Zema e Ronaldo Caiado (PSD) permanecem nos mesmos patamares de mar\u00e7o, com 3,1% e 3,3%, respectivamente. O principal movimento no campo oposicionista veio de Renan Santos (Miss\u00e3o), que avan\u00e7ou um ponto percentual, de 4,4% para 5,3%.<\/p>\n<h2>Sobreviv\u00eancia do Novo e adversidade em Minas<\/h2>\n<p>A candidatura presidencial do ex-governador tem por objetivo, em termos partid\u00e1rios, manter a relev\u00e2ncia do Novo no cen\u00e1rio nacional. O entendimento dos dirigentes do partido e do pr\u00f3prio pr\u00e9-candidato \u00e9 no sentido de que o projeto presidencial \u00e9 fundamental para a principal miss\u00e3o do Novo neste ano: sobreviver \u00e0 cl\u00e1usula de barreira \u2013ou cl\u00e1usula de desempenho, institu\u00edda pela minirreforma eleitoral, que estipula um desempenho m\u00ednimo nas urnas para que os partidos tenham acesso a recursos do fundo partid\u00e1rio e tempo de propaganda em r\u00e1dio e TV.<\/p>\n<p>Seu perfil pol\u00edtico tamb\u00e9m pesou na decis\u00e3o de anunciar a inten\u00e7\u00e3o de concorrer ao Planalto. O ex-governador costuma dizer que s\u00f3 entrou na vida p\u00fablica para contribuir com a experi\u00eancia adquirida como empres\u00e1rio, ou seja, prefere estar \u00e0 frente de cargos executivos. No entanto, em privado, aliados reconhecem que ele teria dificuldades, por exemplo, para se eleger senador por Minas Gerais.<\/p>\n<p>Apesar de ter encerrado o mandato com taxas de aprova\u00e7\u00e3o em queda e pr\u00f3ximas a 50%, conforme levantamentos de v\u00e1rios institutos, o ex-governador enfrentaria uma disputa dura pelo Senado em Minas. O cen\u00e1rio re\u00fane pesos pesados como Carlos Viana (PSD), que disputa a reelei\u00e7\u00e3o; Mar\u00edlia Campos (PT), ex-prefeita de Contagem; e Domingos S\u00e1vio (PL), deputado federal apoiado por Fl\u00e1vio Bolsonaro. H\u00e1 ainda a promessa feita por Zema a Marcelo Aro (Uni\u00e3o-PP), seu ex-secret\u00e1rio, de que ele ter\u00e1 uma das vagas de candidato a senador.<\/p>\n<p>Em termos pol\u00edticos, as dificuldades de Zema em Minas Gerais est\u00e3o refletidas nas pesquisas recentes para a elei\u00e7\u00e3o a governador do estado, cargo que ele ocupou de 2019 at\u00e9 o in\u00edcio deste m\u00eas. Seu candidato, o atual ocupante do Pal\u00e1cio da Liberdade, Mateus Sim\u00f5es (PSD), que era seu vice, n\u00e3o conseguiu at\u00e9 agora atingir dois d\u00edgitos nos principais levantamentos e n\u00e3o fechou alian\u00e7as com partidos considerados estrat\u00e9gicos, como o PL e o Republicanos.<\/p>\n<p>Conforme pesquisa Genial\/Quaest divulga nesta ter\u00e7a-feira (28\/4), o pr\u00e9-candidato do Republicanos ao governo de Minas, Cleitinho Azevedo, lidera em todos os cen\u00e1rios nos quais \u00e9 apresentado ao eleitor, nos dois turnos. Ele tem entre 30% e 37% das inten\u00e7\u00f5es de voto no primeiro turno. Em seguida, aparecem Alexandre Kalil (PDT), entre 14% e 18%, Rodrigo Pacheco (PSB), entre 8% e 12%, e Mateus Sim\u00f5es (PSD), entre 3% e 5%.<\/p>\n<p>Em dificuldades nas pesquisas, Sim\u00f5es disse recentemente que pode ter um palanque presidencial triplo em Minas, ou seja, abrir espa\u00e7o n\u00e3o apenas para seu padrinho pol\u00edtico, como planejava inicialmente, mas tamb\u00e9m para Fl\u00e1vio e Ronaldo Caiado, o candidato de seu partido, o PSD.<\/p>\n<h2>Guinada \u00e0 direita e vice de Fl\u00e1vio<\/h2>\n<p>Enquanto o ex-governador acumulava cliques, aliados do senador Fl\u00e1vio Bolsonaro (PL) movimentavam-se nos bastidores. Em um evento fechado com investidores realizado na quinta-feira (23\/4) em S\u00e3o Paulo, aliados do presidenci\u00e1vel filho de Jair Bolsonaro faziam lobby por uma chapa Fl\u00e1vio-Zema, argumentando que o mineiro agregaria atributos que Fl\u00e1vio ele n\u00e3o possui: experi\u00eancia no Executivo.<\/p>\n<p>A composi\u00e7\u00e3o, segundo esse racioc\u00ednio, tamb\u00e9m seria lida pelo mercado e pela sociedade como um sinal de \u201ccompliance pol\u00edtico\u201d, em contraste com a imagem desgastada de nomes do Centr\u00e3o. O pr\u00f3prio pr\u00e9-candidato do Novo, por\u00e9m, j\u00e1 recha\u00e7ou publicamente a possibilidade.<\/p>\n<p>Por outro lado, uma corrente no entorno de Fl\u00e1vio que defende outros nomes para compor a chapa, como a senadora Tereza Cristina (PP-MS), faz um c\u00e1lculo diferente: o ex-governador agregaria mais \u00e0 chapa permanecendo na disputa, atuando como uma voz mais incisiva e radical na campanha e nos debates. Isso reduziria a exposi\u00e7\u00e3o direta de Fl\u00e1vio a desgastes e lhe permitiria construir uma imagem de oposi\u00e7\u00e3o mais moderada perante o eleitorado.<\/p>\n<p class=\"jota-cta\"><a href=\"https:\/\/conteudo.jota.info\/marketing-lp-newsletter-ultimas-noticias?utm_source=jota&amp;utm_medium=lp&amp;utm_campaign=23-09-2024-jota-lp-eleicoes-2024-eleicoes-2024-none-audiencias-none&amp;utm_content=eleicoes-2024&amp;utm_term=none\"><span>Assine gratuitamente a newsletter \u00daltimas Not\u00edcias do <span class=\"jota\">JOTA<\/span> e receba as principais not\u00edcias jur\u00eddicas e pol\u00edticas do dia no seu email<\/span><\/a><\/p>\n<p>Apesar do interesse de setores do mercado financeiro em uma composi\u00e7\u00e3o com o ex-governador, h\u00e1 resist\u00eancia \u00e0 hip\u00f3tese dentro da fam\u00edlia Bolsonaro. Na segunda-feira (27\/4), Carlos Bolsonaro publicou um texto nas redes sociais que foi interpretado como uma rejei\u00e7\u00e3o \u00e0 possibilidade de ele ser vice de seu irm\u00e3o. \u201c\u00c9 preciso deixar muito claro: por onde passo em Santa Catarina e pelo Brasil, investidores e contratados demonstram enorme preocupa\u00e7\u00e3o com o aumento de impostos trazido pela reforma tribut\u00e1ria, que sequer entrou plenamente em vigor\u201d, afirmou Carlos, que anexou uma manchete sobre o apoio de Zema \u00e0 reforma.<\/p>\n<p>Tamb\u00e9m pesa contra o nome do Novo a avalia\u00e7\u00e3o de aliados de Fl\u00e1vio de que a ofensiva contra o Supremo Tribunal Federal o deslocou para uma posi\u00e7\u00e3o mais radical \u00e0 direita. Para esse grupo, o movimento reduz o apelo do ex-governador como nome para a chapa.<\/p>","protected":false},"excerpt":{"rendered":"<p>O confronto entre Romeu Zema (Novo) e o ministro Gilmar Mendes, decano do Supremo Tribunal Federal (STF), dominou o debate pol\u00edtico e reverberou de Bras\u00edlia \u00e0 Faria Lima, mas, ao menos at\u00e9 agora, parece ter sido insuficiente para alavancar a pr\u00e9-candidatura do ex-governador de Minas Gerais ao Planalto e ajudar eleitoralmente seu sucessor no comando [&hellip;]<\/p>\n","protected":false},"author":0,"featured_media":0,"comment_status":"open","ping_status":"open","sticky":false,"template":"","format":"standard","meta":[],"categories":[1],"tags":[],"_links":{"self":[{"href":"https:\/\/aprimora.site\/carvalhoalmeidaadvogados\/wp-json\/wp\/v2\/posts\/22404"}],"collection":[{"href":"https:\/\/aprimora.site\/carvalhoalmeidaadvogados\/wp-json\/wp\/v2\/posts"}],"about":[{"href":"https:\/\/aprimora.site\/carvalhoalmeidaadvogados\/wp-json\/wp\/v2\/types\/post"}],"replies":[{"embeddable":true,"href":"https:\/\/aprimora.site\/carvalhoalmeidaadvogados\/wp-json\/wp\/v2\/comments?post=22404"}],"version-history":[{"count":0,"href":"https:\/\/aprimora.site\/carvalhoalmeidaadvogados\/wp-json\/wp\/v2\/posts\/22404\/revisions"}],"wp:attachment":[{"href":"https:\/\/aprimora.site\/carvalhoalmeidaadvogados\/wp-json\/wp\/v2\/media?parent=22404"}],"wp:term":[{"taxonomy":"category","embeddable":true,"href":"https:\/\/aprimora.site\/carvalhoalmeidaadvogados\/wp-json\/wp\/v2\/categories?post=22404"},{"taxonomy":"post_tag","embeddable":true,"href":"https:\/\/aprimora.site\/carvalhoalmeidaadvogados\/wp-json\/wp\/v2\/tags?post=22404"}],"curies":[{"name":"wp","href":"https:\/\/api.w.org\/{rel}","templated":true}]}}