{"id":22403,"date":"2026-04-28T17:07:48","date_gmt":"2026-04-28T20:07:48","guid":{"rendered":"https:\/\/aprimora.site\/carvalhoalmeidaadvogados\/2026\/04\/28\/pl-aciona-tse-contra-lula-por-possivel-abuso-em-pronunciamento-do-dia-da-mulher\/"},"modified":"2026-04-28T17:07:48","modified_gmt":"2026-04-28T20:07:48","slug":"pl-aciona-tse-contra-lula-por-possivel-abuso-em-pronunciamento-do-dia-da-mulher","status":"publish","type":"post","link":"https:\/\/aprimora.site\/carvalhoalmeidaadvogados\/2026\/04\/28\/pl-aciona-tse-contra-lula-por-possivel-abuso-em-pronunciamento-do-dia-da-mulher\/","title":{"rendered":"PL aciona TSE contra Lula por poss\u00edvel abuso em pronunciamento do Dia da Mulher"},"content":{"rendered":"<p><span>O PL, partido de Fl\u00e1vio Bolsonaro, apresentou uma representa\u00e7\u00e3o ao Tribunal Superior Eleitoral (TSE), nesta ter\u00e7a-feira (28\/4), contra o presidente Lula (PT) por suposto desvirtuamento do uso de pronunciamentos oficiais para fazer propaganda eleitoral.\u00a0<\/span><\/p>\n<p><span>Os advogados pedem ainda a aplica\u00e7\u00e3o de multa no patamar m\u00e1ximo e a aprecia\u00e7\u00e3o urgente do pedido liminar antes do Dia do Trabalhador, em 1\u00ba de Maio, alegando haver risco concreto de reitera\u00e7\u00e3o da conduta irregular.<\/span><\/p>\n<p class=\"jota-cta\"><a href=\"https:\/\/conteudo.jota.info\/marketing-lp-newsletter-ultimas-noticias?utm_source=jota&amp;utm_medium=lp&amp;utm_campaign=23-09-2024-jota-lp-eleicoes-2024-eleicoes-2024-none-audiencias-none&amp;utm_content=eleicoes-2024&amp;utm_term=none&amp;_gl=1*1w9v0h3*_gcl_au*MzExNTMyNzYyLjE3NjY3NTM5MzIuNzMzNjU3NTc4LjE3Njc2MjI0OTQuMTc2NzYyMjQ5NQ..*_ga*NzYyNjA1ODI4LjE2OTA5MDM5MzQ.*_ga_L4XEVW3ZK0*czE3NjgyMjcyMTAkbzk1JGcxJHQxNzY4MjI3MzM4JGo2MCRsMCRoMjE0MTEwODEzMiRkcXRWQjJOcG8ybmF5NzVLUWxuQTlIeDZ0LVRhT2dyUGJQQQ..\">Receba no seu email as principais not\u00edcias sobre as elei\u00e7\u00f5es 2026! \u00c9 gr\u00e1tis!<\/a><\/p>\n<p><span>A pe\u00e7a, assinada pela advogada Maria Claudia Bucchianeri, afirma que o presidente usou o pronunciamento do Dia da Mulher, em mar\u00e7o, para promo\u00e7\u00e3o pessoal e propaganda eleitoral antecipada.<\/span><\/p>\n<p><span>\u201cO pronunciamento, muito longe de se limitar \u00e0 divulga\u00e7\u00e3o de tema de relevante interesse p\u00fablico, como previsto na lei, foi estruturado como pe\u00e7a de promo\u00e7\u00e3o governamental, com discurso que extrapola a finalidade institucional, incorporando extensa narrativa de exalta\u00e7\u00e3o pessoal e de programas sociais e iniciativas do governo federal\u201d, diz a representa\u00e7\u00e3o.<\/span><\/p>\n<p><span>Veiculada em cadeia nacional na noite de 7 de mar\u00e7o, a fala de Lula criticou a viol\u00eancia contra as mulheres e a desigualdade salarial, al\u00e9m de mencionar programas, como o Farm\u00e1cia Popular, o P\u00e9-de-Meia e a isen\u00e7\u00e3o de Imposto de Renda para quem ganha at\u00e9 R$ 5 mil.<\/span><\/p>\n<p class=\"jota-cta\"><a href=\"https:\/\/www.jota.info\/produtos\/poder?utm_source=cta-site&amp;utm_medium=site&amp;utm_campaign=campanha_poder_q2&amp;utm_id=cta_texto_poder_q2_2023&amp;utm_term=cta_texto_poder&amp;utm_term=cta_texto_poder_meio_materias\"><span>Conhe\u00e7a o <span class=\"jota\">JOTA<\/span> PRO Poder, plataforma de monitoramento que oferece transpar\u00eancia e previsibilidade para empresas<\/span><\/a><\/p>\n<p><span>Na pe\u00e7a, os advogados do PL apontam a men\u00e7\u00e3o a programas de governo como uma \u201cevidente amplia\u00e7\u00e3o indevida do escopo do pronunciamento e para fins de clar\u00edssima promo\u00e7\u00e3o\u201d. \u201cVerdadeira propaganda pol\u00edtica em espa\u00e7o vedado pela legisla\u00e7\u00e3o\u201d.<\/span><\/p>\n<p><span>O caso tramita com o n\u00famero 0600556-36.2026.6.00.0000.<\/span><\/p>","protected":false},"excerpt":{"rendered":"<p>O PL, partido de Fl\u00e1vio Bolsonaro, apresentou uma representa\u00e7\u00e3o ao Tribunal Superior Eleitoral (TSE), nesta ter\u00e7a-feira (28\/4), contra o presidente Lula (PT) por suposto desvirtuamento do uso de pronunciamentos oficiais para fazer propaganda eleitoral.\u00a0 Os advogados pedem ainda a aplica\u00e7\u00e3o de multa no patamar m\u00e1ximo e a aprecia\u00e7\u00e3o urgente do pedido liminar antes do Dia [&hellip;]<\/p>\n","protected":false},"author":0,"featured_media":0,"comment_status":"open","ping_status":"open","sticky":false,"template":"","format":"standard","meta":[],"categories":[1],"tags":[],"_links":{"self":[{"href":"https:\/\/aprimora.site\/carvalhoalmeidaadvogados\/wp-json\/wp\/v2\/posts\/22403"}],"collection":[{"href":"https:\/\/aprimora.site\/carvalhoalmeidaadvogados\/wp-json\/wp\/v2\/posts"}],"about":[{"href":"https:\/\/aprimora.site\/carvalhoalmeidaadvogados\/wp-json\/wp\/v2\/types\/post"}],"replies":[{"embeddable":true,"href":"https:\/\/aprimora.site\/carvalhoalmeidaadvogados\/wp-json\/wp\/v2\/comments?post=22403"}],"version-history":[{"count":0,"href":"https:\/\/aprimora.site\/carvalhoalmeidaadvogados\/wp-json\/wp\/v2\/posts\/22403\/revisions"}],"wp:attachment":[{"href":"https:\/\/aprimora.site\/carvalhoalmeidaadvogados\/wp-json\/wp\/v2\/media?parent=22403"}],"wp:term":[{"taxonomy":"category","embeddable":true,"href":"https:\/\/aprimora.site\/carvalhoalmeidaadvogados\/wp-json\/wp\/v2\/categories?post=22403"},{"taxonomy":"post_tag","embeddable":true,"href":"https:\/\/aprimora.site\/carvalhoalmeidaadvogados\/wp-json\/wp\/v2\/tags?post=22403"}],"curies":[{"name":"wp","href":"https:\/\/api.w.org\/{rel}","templated":true}]}}