{"id":22402,"date":"2026-04-28T17:07:48","date_gmt":"2026-04-28T20:07:48","guid":{"rendered":"https:\/\/aprimora.site\/carvalhoalmeidaadvogados\/2026\/04\/28\/1a-turma-do-stf-torna-gustavo-gayer-reu-por-relacionar-lula-a-grupos-terroristas\/"},"modified":"2026-04-28T17:07:48","modified_gmt":"2026-04-28T20:07:48","slug":"1a-turma-do-stf-torna-gustavo-gayer-reu-por-relacionar-lula-a-grupos-terroristas","status":"publish","type":"post","link":"https:\/\/aprimora.site\/carvalhoalmeidaadvogados\/2026\/04\/28\/1a-turma-do-stf-torna-gustavo-gayer-reu-por-relacionar-lula-a-grupos-terroristas\/","title":{"rendered":"1\u00aa Turma do STF torna Gustavo Gayer r\u00e9u por relacionar Lula a grupos terroristas"},"content":{"rendered":"<p><span>A 1\u00aa Turma do Supremo Tribunal Federal (STF), por unanimidade de votos, tornou r\u00e9u o deputado federal Gustavo Gayer (PL-GO) por crime de inj\u00faria contra o presidente Luiz In\u00e1cio Lula da Silva. A den\u00fancia foi apresentada pela Procuradoria-Geral da Rep\u00fablica (PGR). A C\u00e2mara dos Deputados ser\u00e1 comunicada da decis\u00e3o.\u00a0<\/span><\/p>\n<p><span>A den\u00fancia aponta uma postagem na rede social X, no dia 21 de fevereiro de 2024, em que Gayer publicou uma montagem com o rosto de Lula e um corpo de uma pessoa vestindo uniforme militar, com um fuzil do tipo AK-47.<\/span><\/p>\n<p class=\"jota-cta\"><a href=\"https:\/\/conteudo.jota.info\/marketing-lp-newsletter-ultimas-noticias?utm_source=jota&amp;utm_medium=lp&amp;utm_campaign=23-09-2024-jota-lp-eleicoes-2024-eleicoes-2024-none-audiencias-none&amp;utm_content=eleicoes-2024&amp;utm_term=none\"><span>Assine gratuitamente a newsletter \u00daltimas Not\u00edcias do <span class=\"jota\">JOTA<\/span> e receba as principais not\u00edcias jur\u00eddicas e pol\u00edticas do dia no seu email<\/span><\/a><\/p>\n<p><span>No rosto do presidente foi desenhada uma cruz su\u00e1stica utilizada pela Alemanha nazista e foi colada a imagem de uma faixa verde sobre a testa, com dizeres que aparentam ser no idioma \u00e1rabe. No bra\u00e7o esquerdo foi colocada a imagem de uma bra\u00e7adeira com o s\u00edmbolo da cruz su\u00e1stica utilizada pela Alemanha nazista.<\/span><\/p>\n<p><span>Na den\u00fancia, a PGR defendeu que Gayer associou o presidente, de forma injustificada e ofensiva, ao antissemitismo e a grupo de atua\u00e7\u00e3o terrorista. Por isso, entendeu que a ofensa n\u00e3o est\u00e1 coberta pela imunidade parlamentar \u2013 inclusive, a ofensa foi disseminada fora do Congresso.\u00a0<\/span><\/p>\n<p><span>O relator, ministro Fl\u00e1vio Dino, acompanhou o racioc\u00ednio da PGR de que n\u00e3o se tratou de cr\u00edtica pol\u00edtica, mas sim, de inj\u00faria. \u201cUma montagem que ultrapassa o uso da palavra com falseamento imag\u00e9tico da realidade\u201d, afirmou o magistrado. Em seu voto, Dino destacou que se vive \u201ctempos de perigos\u00edssimas manipula\u00e7\u00e3o de falas e vozes\u201d.<\/span><\/p>\n<p><span>Os ministros Cristiano Zanin, Alexandre de Moraes e C\u00e1rmen L\u00facia acompanharam o relator.\u00a0<\/span><\/p>\n<p>\u00a0<\/p>","protected":false},"excerpt":{"rendered":"<p>A 1\u00aa Turma do Supremo Tribunal Federal (STF), por unanimidade de votos, tornou r\u00e9u o deputado federal Gustavo Gayer (PL-GO) por crime de inj\u00faria contra o presidente Luiz In\u00e1cio Lula da Silva. A den\u00fancia foi apresentada pela Procuradoria-Geral da Rep\u00fablica (PGR). A C\u00e2mara dos Deputados ser\u00e1 comunicada da decis\u00e3o.\u00a0 A den\u00fancia aponta uma postagem na [&hellip;]<\/p>\n","protected":false},"author":0,"featured_media":0,"comment_status":"open","ping_status":"open","sticky":false,"template":"","format":"standard","meta":[],"categories":[1],"tags":[],"_links":{"self":[{"href":"https:\/\/aprimora.site\/carvalhoalmeidaadvogados\/wp-json\/wp\/v2\/posts\/22402"}],"collection":[{"href":"https:\/\/aprimora.site\/carvalhoalmeidaadvogados\/wp-json\/wp\/v2\/posts"}],"about":[{"href":"https:\/\/aprimora.site\/carvalhoalmeidaadvogados\/wp-json\/wp\/v2\/types\/post"}],"replies":[{"embeddable":true,"href":"https:\/\/aprimora.site\/carvalhoalmeidaadvogados\/wp-json\/wp\/v2\/comments?post=22402"}],"version-history":[{"count":0,"href":"https:\/\/aprimora.site\/carvalhoalmeidaadvogados\/wp-json\/wp\/v2\/posts\/22402\/revisions"}],"wp:attachment":[{"href":"https:\/\/aprimora.site\/carvalhoalmeidaadvogados\/wp-json\/wp\/v2\/media?parent=22402"}],"wp:term":[{"taxonomy":"category","embeddable":true,"href":"https:\/\/aprimora.site\/carvalhoalmeidaadvogados\/wp-json\/wp\/v2\/categories?post=22402"},{"taxonomy":"post_tag","embeddable":true,"href":"https:\/\/aprimora.site\/carvalhoalmeidaadvogados\/wp-json\/wp\/v2\/tags?post=22402"}],"curies":[{"name":"wp","href":"https:\/\/api.w.org\/{rel}","templated":true}]}}