{"id":22401,"date":"2026-04-28T17:07:48","date_gmt":"2026-04-28T20:07:48","guid":{"rendered":"https:\/\/aprimora.site\/carvalhoalmeidaadvogados\/2026\/04\/28\/1a-turma-do-stf-torna-reu-silas-malafaia-por-injuria-contra-comandante-do-exercito\/"},"modified":"2026-04-28T17:07:48","modified_gmt":"2026-04-28T20:07:48","slug":"1a-turma-do-stf-torna-reu-silas-malafaia-por-injuria-contra-comandante-do-exercito","status":"publish","type":"post","link":"https:\/\/aprimora.site\/carvalhoalmeidaadvogados\/2026\/04\/28\/1a-turma-do-stf-torna-reu-silas-malafaia-por-injuria-contra-comandante-do-exercito\/","title":{"rendered":"1\u00aa Turma do STF torna r\u00e9u Silas Malafaia por inj\u00faria contra comandante do Ex\u00e9rcito"},"content":{"rendered":"<p>A 1\u00aa Turma do Supremo Tribunal Federal (<a href=\"https:\/\/www.jota.info\/tudo-sobre\/stf\">STF<\/a>) decidiu nesta ter\u00e7a-feira (28\/4) tornar r\u00e9u o pastor Silas Malafaia pela acusa\u00e7\u00e3o de ter cometido crime de inj\u00faria contra o comandante do Ex\u00e9rcito, general Tom\u00e1s Paiva.<\/p>\n<p><span>O julgamento acabou empatado. O relator, Alexandre de Moraes, e o ministro Flavio Dino votaram para receber a den\u00fancia por inj\u00faria e cal\u00fania. J\u00e1 Cristiano Zanin e C\u00e1rmen L\u00facia defenderam o recebimento apenas por inj\u00faria.<\/span><\/p>\n<p><span>Como a turma est\u00e1 desfalcada desde a aposentadoria de <a href=\"https:\/\/www.jota.info\/autor\/luis-roberto-barroso\">Lu\u00eds Roberto Barroso<\/a>, o empate favorece o r\u00e9u, e Malafaia s\u00f3 responder\u00e1 por inj\u00faria. A decis\u00e3o foi tomada na Peti\u00e7\u00e3o (Pet) 15179.<\/span><\/p>\n<p class=\"jota-cta\"><a href=\"https:\/\/www.jota.info\/produtos\/poder?utm_source=cta-site&amp;utm_medium=site&amp;utm_campaign=campanha_poder_q2&amp;utm_id=cta_texto_poder_q2_2023&amp;utm_term=cta_texto_poder&amp;utm_term=cta_texto_poder_meio_materias\"><span>Conhe\u00e7a o <span class=\"jota\">JOTA<\/span> PRO Poder, plataforma de monitoramento que oferece transpar\u00eancia e previsibilidade para empresas<\/span><\/a><\/p>\n<p><span>As falas do religioso foram feitas durante manifesta\u00e7\u00e3o na Avenida Paulista, em S\u00e3o Paulo, em abril de 2025. Na ocasi\u00e3o, o pastor criticou oficiais do Alto Comando do Ex\u00e9rcito no contexto da pris\u00e3o preventiva do general Walter Souza Braga Netto, ex-ministro e candidato a vice de Jair Bolsonaro em 2022.<\/span><\/p>\n<p><span>\u201cCad\u00ea esses generais de quatro estrelas, do Alto Comando do Ex\u00e9rcito? Cambada de frouxos, cambada de covardes\u201d, disse Malafaia. \u201cCambada de omissos. Voc\u00eas n\u00e3o honram a farda que vestem\u201d.<\/span><\/p>\n<p><span>Para Moraes, a den\u00fancia da Procuradoria-Geral da Rep\u00fablica (PGR) descreveu a imputa\u00e7\u00e3o dos dois crimes. \u201cO senhor Silas Malafaia estava demonstrando sua insatisfa\u00e7\u00e3o e alegando ilegalidade do STF na pris\u00e3o preventiva do general reformado e ent\u00e3o candidato a vice -presidente da Rep\u00fablica, e hoje condenado, general Walter Souza Braga Netto\u201d, declarou o ministro.<\/span><\/p>\n<p><span>Conforme o relator, Malafaia, al\u00e9m de ofender, imputou o crime de prevarica\u00e7\u00e3o. \u201cEle diz \u2018cambada de omissos\u2019, por permitirem a pris\u00e3o \u2018ilegal\u2019 do general Walter Souza Braga Netto. A imputa\u00e7\u00e3o \u00e9 at\u00e9 mais que prevarica\u00e7\u00e3o, \u00e9 uma incita\u00e7\u00e3o \u00e0 desobedi\u00eancia, a desobedecer decis\u00e3o do STF\u201d.<\/span><\/p>\n<p><span>Zanin, abrindo a diverg\u00eancia, entendeu que a refer\u00eancia ao cometimento de crime foi gen\u00e9rica. \u201cN\u00e3o h\u00e1 descri\u00e7\u00e3o de uma conduta definida como crime. N\u00e3o poderia haver prevarica\u00e7\u00e3o tal como consta a den\u00fancia, porque n\u00e3o cabia ao comando do Ex\u00e9rcito tomar qualquer provid\u00eancia em rela\u00e7\u00e3o \u00e0 decis\u00e3o judicial proferida pelo STF\u201d.<\/span><\/p>\n<p class=\"jota-cta\"><a href=\"https:\/\/conteudo.jota.info\/marketing-lp-newsletter-ultimas-noticias?utm_source=jota&amp;utm_medium=lp&amp;utm_campaign=23-09-2024-jota-lp-eleicoes-2024-eleicoes-2024-none-audiencias-none&amp;utm_content=eleicoes-2024&amp;utm_term=none\"><span>Assine gratuitamente a newsletter \u00daltimas Not\u00edcias do <span class=\"jota\">JOTA<\/span> e receba as principais not\u00edcias jur\u00eddicas e pol\u00edticas do dia no seu email<\/span><\/a><\/p>","protected":false},"excerpt":{"rendered":"<p>A 1\u00aa Turma do Supremo Tribunal Federal (STF) decidiu nesta ter\u00e7a-feira (28\/4) tornar r\u00e9u o pastor Silas Malafaia pela acusa\u00e7\u00e3o de ter cometido crime de inj\u00faria contra o comandante do Ex\u00e9rcito, general Tom\u00e1s Paiva. O julgamento acabou empatado. O relator, Alexandre de Moraes, e o ministro Flavio Dino votaram para receber a den\u00fancia por inj\u00faria [&hellip;]<\/p>\n","protected":false},"author":0,"featured_media":0,"comment_status":"open","ping_status":"open","sticky":false,"template":"","format":"standard","meta":[],"categories":[1],"tags":[],"_links":{"self":[{"href":"https:\/\/aprimora.site\/carvalhoalmeidaadvogados\/wp-json\/wp\/v2\/posts\/22401"}],"collection":[{"href":"https:\/\/aprimora.site\/carvalhoalmeidaadvogados\/wp-json\/wp\/v2\/posts"}],"about":[{"href":"https:\/\/aprimora.site\/carvalhoalmeidaadvogados\/wp-json\/wp\/v2\/types\/post"}],"replies":[{"embeddable":true,"href":"https:\/\/aprimora.site\/carvalhoalmeidaadvogados\/wp-json\/wp\/v2\/comments?post=22401"}],"version-history":[{"count":0,"href":"https:\/\/aprimora.site\/carvalhoalmeidaadvogados\/wp-json\/wp\/v2\/posts\/22401\/revisions"}],"wp:attachment":[{"href":"https:\/\/aprimora.site\/carvalhoalmeidaadvogados\/wp-json\/wp\/v2\/media?parent=22401"}],"wp:term":[{"taxonomy":"category","embeddable":true,"href":"https:\/\/aprimora.site\/carvalhoalmeidaadvogados\/wp-json\/wp\/v2\/categories?post=22401"},{"taxonomy":"post_tag","embeddable":true,"href":"https:\/\/aprimora.site\/carvalhoalmeidaadvogados\/wp-json\/wp\/v2\/tags?post=22401"}],"curies":[{"name":"wp","href":"https:\/\/api.w.org\/{rel}","templated":true}]}}