{"id":22400,"date":"2026-04-28T15:13:30","date_gmt":"2026-04-28T18:13:30","guid":{"rendered":"https:\/\/aprimora.site\/carvalhoalmeidaadvogados\/2026\/04\/28\/dino-diz-que-nao-ha-prazo-para-encerrar-monitoramento-de-emendas-e-marca-nova-audiencia\/"},"modified":"2026-04-28T15:13:30","modified_gmt":"2026-04-28T18:13:30","slug":"dino-diz-que-nao-ha-prazo-para-encerrar-monitoramento-de-emendas-e-marca-nova-audiencia","status":"publish","type":"post","link":"https:\/\/aprimora.site\/carvalhoalmeidaadvogados\/2026\/04\/28\/dino-diz-que-nao-ha-prazo-para-encerrar-monitoramento-de-emendas-e-marca-nova-audiencia\/","title":{"rendered":"Dino diz que n\u00e3o h\u00e1 prazo para encerrar monitoramento de emendas e marca nova audi\u00eancia"},"content":{"rendered":"<p>O ministro <a href=\"https:\/\/www.jota.info\/tudo-sobre\/flavio-dino\">Fl\u00e1vio Dino<\/a>, do Supremo Tribunal Federal (<a href=\"https:\/\/www.jota.info\/tudo-sobre\/STF\">STF<\/a>), marcou para o dia 13 de maio uma audi\u00eancia para debater estudos e pesquisas envolvendo <a href=\"https:\/\/www.jota.info\/tudo-sobre\/emendas-parlamentares\">emendas parlamentares<\/a>. O objetivo \u00e9 levantar elementos para basear novas decis\u00f5es do STF em rela\u00e7\u00e3o \u00e0 garantia da \u201ctranspar\u00eancia, da rastreabilidade e da efici\u00eancia na aloca\u00e7\u00e3o e execu\u00e7\u00e3o dos recursos\u201d.<\/p>\n<p>Na decis\u00e3o, o ministro afirmou que \u201cn\u00e3o h\u00e1 prazo determinado para o encerramento do monitoramento instaurado\u201d na a\u00e7\u00e3o. Dino comparou o caso das emendas com outros processos complexos e estruturais que tramitam na Corte, como o que trata do desmatamento na Amaz\u00f4nia e o inqu\u00e9rito das Fake News.<\/p>\n<p class=\"jota-cta\"><a href=\"https:\/\/www.jota.info\/produtos\/poder?utm_source=cta-site&amp;utm_medium=site&amp;utm_campaign=campanha_poder_q2&amp;utm_id=cta_texto_poder_q2_2023&amp;utm_term=cta_texto_poder&amp;utm_term=cta_texto_poder_meio_materias\">Conhe\u00e7a o <span class=\"jota\">JOTA<\/span> PRO Poder, plataforma de monitoramento que oferece transpar\u00eancia e previsibilidade para empresas<\/a><\/p>\n<p>\u201cO enfrentamento de quest\u00f5es de dif\u00edcil equacionamento n\u00e3o comporta respostas simples ou instant\u00e2neas\u201d, afirmou. \u201cAo contr\u00e1rio, exige tempo institucional de amadurecimento, sob pena de que a solu\u00e7\u00e3o jurisdicional se revele ineficaz ou insuficiente diante das especificidades que se apresentam\u201d.<\/p>\n<p>Dino convidou os seguintes pesquisadores para a audi\u00eancia:<\/p>\n<p>Marcelo Issa \u2013 Movimento Or\u00e7amento Bem Gasto;<br \/>\nMarina Iemini Atoji \u2013 Movimento Or\u00e7amento Bem Gasto;<br \/>\nAna Cleusa Serra Mesquita \u2013 IPEA;<br \/>\nFabiola Sulpino Vieira \u2013 IPEA;<br \/>\nM\u00e1rio Magalh\u00e3es \u2013 IPEA;<br \/>\nSergio Luiz Doscher da Fonseca \u2013 IPEA<\/p>\n<p>O magistrado tamb\u00e9m intimou para comparecimento a Advocacia Geral da Uni\u00e3o; as advocacias do Senado e da C\u00e2mara, o PSOL (autor da a\u00e7\u00e3o), a Procuradoria Geral da Rep\u00fablica e a Controladoria-Geral da Uni\u00e3o.<\/p>\n<p class=\"jota-cta\"><a href=\"https:\/\/conteudo.jota.info\/marketing-lp-newsletter-ultimas-noticias?utm_source=jota&amp;utm_medium=lp&amp;utm_campaign=23-09-2024-jota-lp-eleicoes-2024-eleicoes-2024-none-audiencias-none&amp;utm_content=eleicoes-2024&amp;utm_term=none\">Assine gratuitamente a newsletter \u00daltimas Not\u00edcias do <span class=\"jota\">JOTA<\/span> e receba as principais not\u00edcias jur\u00eddicas e pol\u00edticas do dia no seu email<\/a><\/p>","protected":false},"excerpt":{"rendered":"<p>O ministro Fl\u00e1vio Dino, do Supremo Tribunal Federal (STF), marcou para o dia 13 de maio uma audi\u00eancia para debater estudos e pesquisas envolvendo emendas parlamentares. O objetivo \u00e9 levantar elementos para basear novas decis\u00f5es do STF em rela\u00e7\u00e3o \u00e0 garantia da \u201ctranspar\u00eancia, da rastreabilidade e da efici\u00eancia na aloca\u00e7\u00e3o e execu\u00e7\u00e3o dos recursos\u201d. Na [&hellip;]<\/p>\n","protected":false},"author":0,"featured_media":0,"comment_status":"open","ping_status":"open","sticky":false,"template":"","format":"standard","meta":[],"categories":[1],"tags":[],"_links":{"self":[{"href":"https:\/\/aprimora.site\/carvalhoalmeidaadvogados\/wp-json\/wp\/v2\/posts\/22400"}],"collection":[{"href":"https:\/\/aprimora.site\/carvalhoalmeidaadvogados\/wp-json\/wp\/v2\/posts"}],"about":[{"href":"https:\/\/aprimora.site\/carvalhoalmeidaadvogados\/wp-json\/wp\/v2\/types\/post"}],"replies":[{"embeddable":true,"href":"https:\/\/aprimora.site\/carvalhoalmeidaadvogados\/wp-json\/wp\/v2\/comments?post=22400"}],"version-history":[{"count":0,"href":"https:\/\/aprimora.site\/carvalhoalmeidaadvogados\/wp-json\/wp\/v2\/posts\/22400\/revisions"}],"wp:attachment":[{"href":"https:\/\/aprimora.site\/carvalhoalmeidaadvogados\/wp-json\/wp\/v2\/media?parent=22400"}],"wp:term":[{"taxonomy":"category","embeddable":true,"href":"https:\/\/aprimora.site\/carvalhoalmeidaadvogados\/wp-json\/wp\/v2\/categories?post=22400"},{"taxonomy":"post_tag","embeddable":true,"href":"https:\/\/aprimora.site\/carvalhoalmeidaadvogados\/wp-json\/wp\/v2\/tags?post=22400"}],"curies":[{"name":"wp","href":"https:\/\/api.w.org\/{rel}","templated":true}]}}