{"id":22398,"date":"2026-04-28T16:16:45","date_gmt":"2026-04-28T19:16:45","guid":{"rendered":"https:\/\/aprimora.site\/carvalhoalmeidaadvogados\/?p=22398"},"modified":"2026-04-28T16:16:45","modified_gmt":"2026-04-28T19:16:45","slug":"semana-nacional-de-combate-ao-assedio-e-a-discriminacao-tem-inicio-com-palestra-tematica-na-segunda-feira-no-trt-15","status":"publish","type":"post","link":"https:\/\/aprimora.site\/carvalhoalmeidaadvogados\/2026\/04\/28\/semana-nacional-de-combate-ao-assedio-e-a-discriminacao-tem-inicio-com-palestra-tematica-na-segunda-feira-no-trt-15\/","title":{"rendered":"Semana Nacional de Combate ao Ass\u00e9dio e \u00e0 Discrimina\u00e7\u00e3o tem in\u00edcio com palestra tem\u00e1tica na segunda-feira, no TRT-15"},"content":{"rendered":"<p><span>Semana Nacional de Combate ao Ass\u00e9dio e \u00e0 Discrimina\u00e7\u00e3o tem in\u00edcio com palestra tem\u00e1tica na segunda-feira, no TRT-15<\/span><\/p>\n<div>  <a href=\"https:\/\/trt15.jus.br\/noticia\/2026\/semana-nacional-de-combate-ao-assedio-e-discriminacao-tem-inicio-com-palestra-tematica\"><\/a>\n<\/div>\n<p><span><span>anasiqueira<\/span><\/span><\/p>\n<p><span>Ter, 28\/04\/2026 &#8211; 13:16<\/span><\/p>\n<div>\n<div>Semana Nacional de Combate ao Ass\u00e9dio e \u00e0 Discrimina\u00e7\u00e3o tem in\u00edcio com palestra tem\u00e1tica na segunda-feira, no TRT-15<\/div>\n<\/div>\n<div>\n<div class=\"visually-hidden\">Conte\u00fado da Not\u00edcia<\/div>\n<div>\n<p>O Tribunal Regional do Trabalho da 15\u00aa Regi\u00e3o realiza, ao longo do m\u00eas de maio, uma s\u00e9rie de iniciativas alusivas \u00e0 Semana Nacional de Combate ao Ass\u00e9dio e \u00e0 Discrimina\u00e7\u00e3o, institu\u00edda pelo Conselho Nacional de Justi\u00e7a (CNJ) \u00a0por meio da Resolu\u00e7\u00e3o n\u00ba 450\/2022. A programa\u00e7\u00e3o, elaborada pelo Subcomit\u00ea de Combate ao Ass\u00e9dio do TRT-15 e pela Escola Judicial, \u00a0inclui palestra, curso de capacita\u00e7\u00e3o, campanha de comunica\u00e7\u00e3o e o lan\u00e7amento de uma cartilha educativa em formato de tirinhas.<\/p>\n<p>O ponto alto da agenda ser\u00e1 a palestra de abertura, no dia 4\/5, a partir das 9h30, na Escola Judicial do TRT-15, com o tema geral \u201cAss\u00e9dio no trabalho: preven\u00e7\u00e3o, combate e responsabilidade institucional\u201d. A atividade re\u00fane dois momentos expositivos complementares, que abordam o tema sob perspectivas preventiva e jur\u00eddico-institucional.<\/p>\n<p>A abertura contar\u00e1 com a participa\u00e7\u00e3o da presidente do TRT-15, desembargadora Ana Paula Pellegrina Lockmann, da vice-diretora da Escola Judicial, desembargadora Eleonora Bordini Coca, que promover\u00e1 o lan\u00e7amento de uma edi\u00e7\u00e3o especial da Revista &#8211; Ejud15, e da coordenadora do Subcomit\u00ea de Combate ao Ass\u00e9dio, desembargadora Antonia Regina Tancini Pestana.<\/p>\n<p>Na sequ\u00eancia, \u00e0s 9h40, ser\u00e1 realizada a palestra \u201cAmbientes de Trabalho Saud\u00e1veis e Rela\u00e7\u00f5es \u00cdntegras: um compromisso institucional e pessoal na preven\u00e7\u00e3o dos ass\u00e9dios\u201d, com a educadora Adriana Eug\u00eania Alvim Barreiro, especialista em educa\u00e7\u00e3o e media\u00e7\u00e3o de conflitos. \u00a0A ju\u00edza Dora Rossi G\u00f3es Sanches, integrante do Subcomit\u00ea de Combate ao Ass\u00e9dio do TRT-15, far\u00e1 a modera\u00e7\u00e3o. A exposi\u00e7\u00e3o trar\u00e1 uma abordagem preventiva, com foco na identifica\u00e7\u00e3o de condutas abusivas, nos impactos do ass\u00e9dio nas rela\u00e7\u00f5es interpessoais e institucionais e em estrat\u00e9gias para a constru\u00e7\u00e3o de ambientes mais colaborativos e respeitosos.<\/p>\n<p>\u00c0s 10h40, o professor Victor Hugo de Almeida, doutor em Direito do Trabalho, conduz a palestra \u201cAss\u00e9dio e o dever institucional de prote\u00e7\u00e3o: fundamentos jur\u00eddicos, pol\u00edticas p\u00fablicas e promo\u00e7\u00e3o do trabalho decente\u201d. A modera\u00e7\u00e3o estar\u00e1 a cargo do desembargador Marcos da Silva Porto, tamb\u00e9m membro do subcomit\u00ea. O enfoque ser\u00e1 jur\u00eddico e institucional, destacando o papel das organiza\u00e7\u00f5es na preven\u00e7\u00e3o e no enfrentamento do ass\u00e9dio moral e sexual, bem como na promo\u00e7\u00e3o de ambientes laborais seguros, inclusivos e alinhados aos direitos fundamentais.<\/p>\n<p>O evento ser\u00e1 realizado de forma presencial, no audit\u00f3rio da Ejud-15 e contar\u00e1 tamb\u00e9m com transmiss\u00e3o ao vivo pelo <a href=\"https:\/\/www.youtube.com\/channel\/UCZIH3S71E1fU1x-a1Cn1-KA\">canal da Ejud-15 no YouTube<\/a>. A atividade \u00e9 destinada a magistrados, servidores, advogados, peritos, estagi\u00e1rios e demais interessados, com 82 vagas presenciais e participa\u00e7\u00e3o online sem limite de p\u00fablico. As inscri\u00e7\u00f5es podem ser feitas pela<a href=\"https:\/\/sigep.trt15.jus.br\/ejud\/\"> plataforma Sisejud<\/a>. A carga hor\u00e1ria \u00e9 de 2 horas e 30 minutos.<\/p>\n<p><strong>Escada do Ass\u00e9dio<\/strong><\/p>\n<p>Durante o evento, tamb\u00e9m ser\u00e1 lan\u00e7ada a cartilha l\u00fadica e educativa elaborada pelo Subcomit\u00ea de Combate ao Ass\u00e9dio, reunindo tirinhas que retratam situa\u00e7\u00f5es cotidianas envolvendo ass\u00e9dio moral, sexual e discrimina\u00e7\u00e3o, com linguagem acess\u00edvel e foco na conscientiza\u00e7\u00e3o. O material integra uma campanha de comunica\u00e7\u00e3o nos canais institucionais do TRT-15, voltada \u00e0 sensibiliza\u00e7\u00e3o do p\u00fablico interno e externo sobre a import\u00e2ncia do enfrentamento ao ass\u00e9dio e \u00e0 discrimina\u00e7\u00e3o.<\/p>\n<p><strong>A\u00e7\u00e3o Formativa<\/strong><\/p>\n<p>A programa\u00e7\u00e3o do TRT-15 \u00a0inclui ainda uma a\u00e7\u00e3o formativa destinada ao p\u00fablico interno, com a realiza\u00e7\u00e3o do curso \u201cAss\u00e9dio, Viol\u00eancia e Lideran\u00e7a Respons\u00e1vel no Mundo do Trabalho: preven\u00e7\u00e3o, letramento e atua\u00e7\u00e3o institucional\u201d, que ser\u00e1 realizado de 27 de maio a 22 de junho, na modalidade a dist\u00e2ncia, com aulas ao vivo e atividades ass\u00edncronas.\u00a0<\/p>\n<p>Institu\u00edda pelo CNJ, a Semana Nacional integra a agenda permanente do Judici\u00e1rio e busca estimular a reflex\u00e3o, o di\u00e1logo e a ado\u00e7\u00e3o de pr\u00e1ticas que promovam ambientes de trabalho mais \u00e9ticos, inclusivos e livres de viol\u00eancia.<\/p>\n<p><strong>Servi\u00e7o<\/strong><\/p>\n<p><strong>Palestra de abertura \u2013 Semana Nacional de Combate ao Ass\u00e9dio e \u00e0 Discrimina\u00e7\u00e3o<\/strong><br \/>\n\u00a0\ud83d\udcc5 <strong>Data:<\/strong> 4 de maio de 2026<br \/>\n\u00a0\ud83d\udd58<strong> Hor\u00e1rio<\/strong>: das 9h30 \u00e0s 12h<br \/>\n\u00a0\ud83d\udccd <strong>Local:<\/strong> Audit\u00f3rio da Ejud-15 (Campinas\/SP)<br \/>\n\u00a0\ud83d\udcbb <strong>Transmiss\u00e3o:<\/strong> <a href=\"https:\/\/www.youtube.com\/channel\/UCZIH3S71E1fU1x-a1Cn1-KA\">canal da Ejud-15 no YouTube<\/a><br \/>\n\u00a0\ud83d\udc65 <strong>P\u00fablico-alvo:<\/strong> magistrados, servidores, advogados, peritos, estagi\u00e1rios e p\u00fablico externo<br \/>\n\u00a0\ud83c\udf9f\ufe0f <strong>Inscri\u00e7\u00f5es<\/strong>: pela <a href=\"https:\/\/sigep.trt15.jus.br\/ejud\/\">plataforma Sisejud<\/a><br \/>\n\u00a0\ud83d\udccc <strong>Vagas: <\/strong>82 presenciais | online sem limite<br \/>\n\u00a0\u23f1\ufe0f <strong>Carga hor\u00e1ria:<\/strong> 2h30<\/p>\n<p><strong>Programa\u00e7\u00e3o:<\/strong><\/p>\n<p>\u00a0\u2022 9h30 \u2013 Abertura institucional<br \/>\n\u00a0\u2022 9h40 \u2013 Palestra com Adriana Eug\u00eania Alvim Barreiro<br \/>\n\u00a0\u2022 10h40 \u2013 Palestra com Victor Hugo de Almeida<br \/>\n\u00a0\u2022 11h40 \u2013 Di\u00e1logo com participantes<br \/>\n\u00a0\u2022 12h \u2013 Encerramento<\/p>\n<\/div><\/div>\n<div>\n<div>Unidade Respons\u00e1vel:<\/div>\n<div>Comunica\u00e7\u00e3o Social<\/div>\n<\/div>\n<div>Ter, 28\/04\/2026 &#8211; 13:16<\/div>\n<p>      <span class=\"a2a_kit a2a_kit_size_16 addtoany_list\"><a class=\"a2a_dd addtoany_share\" href=\"https:\/\/www.addtoany.com\/share#url=https%3A%2F%2Ftrt15.jus.br%2Fnoticia%2F2026%2Fsemana-nacional-de-combate-ao-assedio-e-discriminacao-tem-inicio-com-palestra-tematica&amp;title=Semana%20Nacional%20de%20Combate%20ao%20Ass%C3%A9dio%20e%20%C3%A0%20Discrimina%C3%A7%C3%A3o%20tem%20in%C3%ADcio%20com%20palestra%20tem%C3%A1tica%20na%20segunda-feira%2C%20no%20TRT-15\"><\/a><a class=\"a2a_button_whatsapp\"><\/a><a class=\"a2a_button_google_gmail\"><\/a><a class=\"a2a_button_twitter\"><\/a><a class=\"a2a_button_facebook\"><\/a><a class=\"a2a_button_linkedin\"><\/a><\/span><\/p>","protected":false},"excerpt":{"rendered":"<p>Semana Nacional de Combate ao Ass\u00e9dio e \u00e0 Discrimina\u00e7\u00e3o tem in\u00edcio com palestra tem\u00e1tica na segunda-feira, no TRT-15 anasiqueira Ter, 28\/04\/2026 &#8211; 13:16 Semana Nacional de Combate ao Ass\u00e9dio e \u00e0 Discrimina\u00e7\u00e3o tem in\u00edcio com palestra tem\u00e1tica na segunda-feira, no TRT-15 Conte\u00fado da Not\u00edcia O Tribunal Regional do Trabalho da 15\u00aa Regi\u00e3o realiza, ao longo [&hellip;]<\/p>\n","protected":false},"author":0,"featured_media":22399,"comment_status":"open","ping_status":"open","sticky":false,"template":"","format":"standard","meta":[],"categories":[1],"tags":[],"_links":{"self":[{"href":"https:\/\/aprimora.site\/carvalhoalmeidaadvogados\/wp-json\/wp\/v2\/posts\/22398"}],"collection":[{"href":"https:\/\/aprimora.site\/carvalhoalmeidaadvogados\/wp-json\/wp\/v2\/posts"}],"about":[{"href":"https:\/\/aprimora.site\/carvalhoalmeidaadvogados\/wp-json\/wp\/v2\/types\/post"}],"replies":[{"embeddable":true,"href":"https:\/\/aprimora.site\/carvalhoalmeidaadvogados\/wp-json\/wp\/v2\/comments?post=22398"}],"version-history":[{"count":0,"href":"https:\/\/aprimora.site\/carvalhoalmeidaadvogados\/wp-json\/wp\/v2\/posts\/22398\/revisions"}],"wp:featuredmedia":[{"embeddable":true,"href":"https:\/\/aprimora.site\/carvalhoalmeidaadvogados\/wp-json\/wp\/v2\/media\/22399"}],"wp:attachment":[{"href":"https:\/\/aprimora.site\/carvalhoalmeidaadvogados\/wp-json\/wp\/v2\/media?parent=22398"}],"wp:term":[{"taxonomy":"category","embeddable":true,"href":"https:\/\/aprimora.site\/carvalhoalmeidaadvogados\/wp-json\/wp\/v2\/categories?post=22398"},{"taxonomy":"post_tag","embeddable":true,"href":"https:\/\/aprimora.site\/carvalhoalmeidaadvogados\/wp-json\/wp\/v2\/tags?post=22398"}],"curies":[{"name":"wp","href":"https:\/\/api.w.org\/{rel}","templated":true}]}}