{"id":22395,"date":"2026-04-28T12:12:45","date_gmt":"2026-04-28T15:12:45","guid":{"rendered":"https:\/\/aprimora.site\/carvalhoalmeidaadvogados\/2026\/04\/28\/armazenamento-de-energia-e-uso-da-rede-o-teste-da-coerencia-regulatoria\/"},"modified":"2026-04-28T12:12:45","modified_gmt":"2026-04-28T15:12:45","slug":"armazenamento-de-energia-e-uso-da-rede-o-teste-da-coerencia-regulatoria","status":"publish","type":"post","link":"https:\/\/aprimora.site\/carvalhoalmeidaadvogados\/2026\/04\/28\/armazenamento-de-energia-e-uso-da-rede-o-teste-da-coerencia-regulatoria\/","title":{"rendered":"Armazenamento de energia e uso da rede: o teste da coer\u00eancia regulat\u00f3ria"},"content":{"rendered":"<p><span>O avan\u00e7o da regula\u00e7\u00e3o do armazenamento de energia no Brasil representa, ao mesmo tempo, um salto institucional e um teste de coer\u00eancia do pr\u00f3prio modelo setorial. A recente discuss\u00e3o no \u00e2mbito da ANEEL sobre o uso da rede por sistemas de armazenamento aut\u00f4nomos (SAE-A) exp\u00f5e com clareza esse dilema: regular o novo sem distorcer o existente \u2014 e sem perder de vista os fundamentos jur\u00eddicos que estruturam o setor el\u00e9trico.<\/span><\/p>\n<p><span>A maturidade do debate \u00e9 evidente. A constru\u00e7\u00e3o regulat\u00f3ria envolveu m\u00faltiplas \u00e1reas t\u00e9cnicas da Ag\u00eancia e resultou em an\u00e1lises aprofundadas, refletindo o reconhecimento de que o armazenamento deixou de ser uma adapta\u00e7\u00e3o marginal e passou a exigir tratamento pr\u00f3prio. Essa mudan\u00e7a de paradigma \u00e9, por si s\u00f3, um marco. Como bem aponta a evolu\u00e7\u00e3o normativa recente, n\u00e3o se trata mais de \u201cencaixar\u201d o armazenamento em categorias pr\u00e9-existentes, mas de reconhec\u00ea-lo como uma atividade com identidade funcional pr\u00f3pria.<\/span><\/p>\n<p class=\"jota-cta\"><a href=\"https:\/\/www.jota.info\/produtos\/poder?utm_source=cta-site&amp;utm_medium=site&amp;utm_campaign=campanha_poder_q2&amp;utm_id=cta_texto_poder_q2_2023&amp;utm_term=cta_texto_poder&amp;utm_term=cta_texto_poder_meio_materias\"><span>Conhe\u00e7a o <span class=\"jota\">JOTA<\/span> PRO Poder, plataforma de monitoramento que oferece transpar\u00eancia e previsibilidade para empresas<\/span><\/a><\/p>\n<p><span>\u00c9 justamente nesse ponto que emerge a principal tens\u00e3o jur\u00eddica: quais s\u00e3o os limites da regula\u00e7\u00e3o tarif\u00e1ria aplic\u00e1vel ao uso da rede por esses sistemas?<\/span><\/p>\n<h2>O fim da dicotomia r\u00edgida entre consumo e gera\u00e7\u00e3o<\/h2>\n<p><span>Historicamente, o modelo tarif\u00e1rio brasileiro se estruturou sobre uma separa\u00e7\u00e3o clara entre consumo e gera\u00e7\u00e3o. Essa distin\u00e7\u00e3o orienta n\u00e3o apenas a cobran\u00e7a pelo uso da rede, mas tamb\u00e9m a l\u00f3gica de aloca\u00e7\u00e3o de custos e sinaliza\u00e7\u00e3o econ\u00f4mica.<\/span><\/p>\n<p><span>Ocorre que a legisla\u00e7\u00e3o recente rompeu, ao menos em parte, essa dicotomia. Ao reconhecer expressamente o armazenamento como atividade capaz de prestar m\u00faltiplos servi\u00e7os \u2014 incluindo flexibilidade, pot\u00eancia e servi\u00e7os ancilares \u2014 o ordenamento passou a admitir uma atua\u00e7\u00e3o h\u00edbrida, que n\u00e3o se confunde integralmente com nenhuma das categorias tradicionais.<\/span><\/p>\n<p><span>Essa mudan\u00e7a n\u00e3o \u00e9 meramente sem\u00e2ntica. Ela imp\u00f5e uma releitura dos pr\u00f3prios instrumentos tarif\u00e1rios, sob pena de se criar uma incoer\u00eancia estrutural: exigir do armazenamento fun\u00e7\u00f5es sist\u00eamicas relevantes e, ao mesmo tempo, trat\u00e1-lo como um agente que onera a rede de forma equivalente a cargas e geradores simultaneamente.<\/span><\/p>\n<h2>Causalidade de custos e discricionariedade t\u00e9cnica<\/h2>\n<p><span>A regula\u00e7\u00e3o do uso da rede no setor el\u00e9trico brasileiro se ancora em princ\u00edpios bem estabelecidos, entre os quais se destacam a causalidade de custos e a sinaliza\u00e7\u00e3o locacional. Esses princ\u00edpios n\u00e3o apenas orientam a justi\u00e7a tarif\u00e1ria, mas tamb\u00e9m funcionam como instrumentos de efici\u00eancia econ\u00f4mica.<\/span><\/p>\n<p><span>A quest\u00e3o central, portanto, n\u00e3o \u00e9 se o armazenamento deve ou n\u00e3o pagar pelo uso da rede \u2014 isso \u00e9 indiscut\u00edvel. O ponto \u00e9: qual \u00e9 a medida adequada dessa cobran\u00e7a, \u00e0 luz de sua contribui\u00e7\u00e3o efetiva para o sistema?<\/span><\/p>\n<p><span>Sob essa perspectiva, a ado\u00e7\u00e3o de uma tarifa equivalente \u00e0 de gera\u00e7\u00e3o para sistemas de armazenamento aut\u00f4nomos \u2014 ainda que por analogia \u2014 surge como solu\u00e7\u00e3o juridicamente defens\u00e1vel e tecnicamente coerente. N\u00e3o se trata de criar um benef\u00edcio indevido, mas de exercer a discricionariedade t\u00e9cnica da Ag\u00eancia para ajustar o modelo \u00e0 realidade funcional do ativo.<\/span><\/p>\n<p><span>Isso porque o SAE-A, ao contr\u00e1rio de uma carga convencional, n\u00e3o aumenta estruturalmente a demanda por expans\u00e3o da rede. Sua opera\u00e7\u00e3o tende, ao contr\u00e1rio, a otimizar o uso da infraestrutura existente.<\/span><\/p>\n<h2>Armazenamento como vetor de efici\u00eancia sist\u00eamica<\/h2>\n<p><span>A fun\u00e7\u00e3o sist\u00eamica do armazenamento \u00e9, por defini\u00e7\u00e3o, temporal. Ele desloca energia no tempo, absorvendo excedentes em momentos de baixa demanda e devolvendo-os em per\u00edodos de maior necessidade. Esse comportamento tem implica\u00e7\u00f5es diretas sobre o uso da rede.<\/span><\/p>\n<p><span>Mesmo em um cen\u00e1rio em que o armazenamento atue exclusivamente por arbitragem de pre\u00e7os, sua l\u00f3gica operacional o induz a carregar em momentos de ociosidade da rede e descarregar quando h\u00e1 substitui\u00e7\u00e3o de gera\u00e7\u00e3o j\u00e1 conectada. Em termos sist\u00eamicos, n\u00e3o h\u00e1 cria\u00e7\u00e3o de uma nova demanda estrutural por capacidade de transmiss\u00e3o, mas sim um reequil\u00edbrio das pot\u00eancias j\u00e1 existentes.<\/span><\/p>\n<p><span>Esse efeito \u00e9 ainda mais relevante quando se consideram os servi\u00e7os de flexibilidade e apoio \u00e0 opera\u00e7\u00e3o do sistema. Nesses casos, o armazenamento atua sob coordena\u00e7\u00e3o do operador, contribuindo diretamente para a estabilidade e a efici\u00eancia do despacho.<\/span><\/p>\n<p><span>A legisla\u00e7\u00e3o recente reconhece expressamente essa dimens\u00e3o ao permitir que a regula\u00e7\u00e3o do setor incorpore requisitos de flexibilidade e armazenamento como condi\u00e7\u00f5es de uso da rede. O recado normativo \u00e9 claro: trata-se de um ativo que agrega valor sist\u00eamico, e n\u00e3o de um fator de sobrecarga.<\/span><\/p>\n<h2>O risco de distor\u00e7\u00f5es tarif\u00e1rias<\/h2>\n<p><span>\u00c9 nesse contexto que a proposta de cobran\u00e7a cumulativa \u2014 como se o armazenamento fosse simultaneamente carga e gera\u00e7\u00e3o \u2014 revela seus problemas. Ao aplicar, na pr\u00e1tica, uma dupla incid\u00eancia tarif\u00e1ria, o modelo corre o risco de produzir dois efeitos indesejados.<\/span><\/p>\n<p><span>O primeiro \u00e9 a perda do sinal locacional. Uma cobran\u00e7a excessiva pode desincentivar a instala\u00e7\u00e3o de sistemas em pontos estrat\u00e9gicos da rede, reduzindo justamente o potencial de otimiza\u00e7\u00e3o que o armazenamento oferece.<\/span><\/p>\n<p><span>O segundo \u00e9 a cria\u00e7\u00e3o de subs\u00eddios cruzados. Ao sobrecarregar o armazenamento, o modelo reduz artificialmente o custo alocado a outros usu\u00e1rios da rede, ainda que estes tamb\u00e9m se beneficiem da maior efici\u00eancia proporcionada pelo SAE. Trata-se de uma distor\u00e7\u00e3o cl\u00e1ssica: um agente paga mais do que o custo que efetivamente causa, enquanto outros pagam menos.<\/span><\/p>\n<p><span>Em um setor j\u00e1 marcado por complexidade tarif\u00e1ria, esse tipo de desalinhamento pode comprometer tanto a efici\u00eancia econ\u00f4mica quanto a legitimidade regulat\u00f3ria.<\/span><\/p>\n<h2>Uma decis\u00e3o que vai al\u00e9m do armazenamento<\/h2>\n<p><span>A defini\u00e7\u00e3o do regime tarif\u00e1rio aplic\u00e1vel ao armazenamento n\u00e3o \u00e9 apenas uma quest\u00e3o t\u00e9cnica. Trata-se de um precedente estruturante para o futuro do setor el\u00e9trico brasileiro.<\/span><\/p>\n<p><span>A forma como a ANEEL resolver essa equa\u00e7\u00e3o indicar\u00e1 se o modelo regulat\u00f3rio est\u00e1 preparado para lidar com tecnologias que desafiam categorias tradicionais. Mais do que isso, revelar\u00e1 o grau de ader\u00eancia da regula\u00e7\u00e3o aos pr\u00f3prios princ\u00edpios que a fundamentam.<\/span><\/p>\n<p class=\"jota-cta\"><a href=\"https:\/\/conteudo.jota.info\/marketing-lp-newsletter-ultimas-noticias?utm_source=jota&amp;utm_medium=lp&amp;utm_campaign=23-09-2024-jota-lp-eleicoes-2024-eleicoes-2024-none-audiencias-none&amp;utm_content=eleicoes-2024&amp;utm_term=none\"><span>Assine gratuitamente a newsletter \u00daltimas Not\u00edcias do <span class=\"jota\">JOTA<\/span> e receba as principais not\u00edcias jur\u00eddicas e pol\u00edticas do dia no seu email<\/span><\/a><\/p>\n<p><span>Em \u00faltima an\u00e1lise, o debate sobre o armazenamento \u00e9 um debate sobre coer\u00eancia. Coer\u00eancia entre lei e regula\u00e7\u00e3o, entre fun\u00e7\u00e3o e tarifa, entre custo e benef\u00edcio sist\u00eamico.<\/span><\/p>\n<p><span>E, como em todo bom teste de coer\u00eancia, a resposta n\u00e3o est\u00e1 em escolher entre o novo e o antigo, mas em integrar ambos de forma consistente.<\/span><\/p>","protected":false},"excerpt":{"rendered":"<p>O avan\u00e7o da regula\u00e7\u00e3o do armazenamento de energia no Brasil representa, ao mesmo tempo, um salto institucional e um teste de coer\u00eancia do pr\u00f3prio modelo setorial. A recente discuss\u00e3o no \u00e2mbito da ANEEL sobre o uso da rede por sistemas de armazenamento aut\u00f4nomos (SAE-A) exp\u00f5e com clareza esse dilema: regular o novo sem distorcer o [&hellip;]<\/p>\n","protected":false},"author":0,"featured_media":0,"comment_status":"open","ping_status":"open","sticky":false,"template":"","format":"standard","meta":[],"categories":[1],"tags":[],"_links":{"self":[{"href":"https:\/\/aprimora.site\/carvalhoalmeidaadvogados\/wp-json\/wp\/v2\/posts\/22395"}],"collection":[{"href":"https:\/\/aprimora.site\/carvalhoalmeidaadvogados\/wp-json\/wp\/v2\/posts"}],"about":[{"href":"https:\/\/aprimora.site\/carvalhoalmeidaadvogados\/wp-json\/wp\/v2\/types\/post"}],"replies":[{"embeddable":true,"href":"https:\/\/aprimora.site\/carvalhoalmeidaadvogados\/wp-json\/wp\/v2\/comments?post=22395"}],"version-history":[{"count":0,"href":"https:\/\/aprimora.site\/carvalhoalmeidaadvogados\/wp-json\/wp\/v2\/posts\/22395\/revisions"}],"wp:attachment":[{"href":"https:\/\/aprimora.site\/carvalhoalmeidaadvogados\/wp-json\/wp\/v2\/media?parent=22395"}],"wp:term":[{"taxonomy":"category","embeddable":true,"href":"https:\/\/aprimora.site\/carvalhoalmeidaadvogados\/wp-json\/wp\/v2\/categories?post=22395"},{"taxonomy":"post_tag","embeddable":true,"href":"https:\/\/aprimora.site\/carvalhoalmeidaadvogados\/wp-json\/wp\/v2\/tags?post=22395"}],"curies":[{"name":"wp","href":"https:\/\/api.w.org\/{rel}","templated":true}]}}