{"id":22393,"date":"2026-04-28T12:12:44","date_gmt":"2026-04-28T15:12:44","guid":{"rendered":"https:\/\/aprimora.site\/carvalhoalmeidaadvogados\/2026\/04\/28\/lula-flavio-e-haddad-a-metafora-do-cristal-trincado\/"},"modified":"2026-04-28T12:12:44","modified_gmt":"2026-04-28T15:12:44","slug":"lula-flavio-e-haddad-a-metafora-do-cristal-trincado","status":"publish","type":"post","link":"https:\/\/aprimora.site\/carvalhoalmeidaadvogados\/2026\/04\/28\/lula-flavio-e-haddad-a-metafora-do-cristal-trincado\/","title":{"rendered":"Lula, Fl\u00e1vio e Haddad: a met\u00e1fora do cristal trincado"},"content":{"rendered":"<p><span>Um s\u00e1bio veterano das pesquisas e do marketing pol\u00edtico costuma recorrer a uma met\u00e1fora interessante quando quer explicar em poucas palavras determinados motivos que tornam um candidato mais vi\u00e1vel eleitoralmente do que outro. \u201cFulano n\u00e3o tem o cristal trincado\u201d, diz ele.<\/span><\/p>\n<p><span>Em linhas gerais, essa express\u00e3o significa que a imagem p\u00fablica de determinado pol\u00edtico n\u00e3o tem fissuras nem epis\u00f3dios que possam comprometer sua credibilidade, al\u00e9m de transmitir a ideia de transpar\u00eancia, ou seja, o cristal est\u00e1 l\u00edmpido e intacto, facilitando a constru\u00e7\u00e3o de uma candidatura vitoriosa.<\/span><\/p>\n<p class=\"jota-cta\"><a href=\"https:\/\/www.jota.info\/produtos\/poder?utm_source=cta-site&amp;utm_medium=site&amp;utm_campaign=campanha_poder_q2&amp;utm_id=cta_texto_poder_q2_2023&amp;utm_term=cta_texto_poder&amp;utm_term=cta_texto_poder_meio_materias\"><span>Conhe\u00e7a o <span class=\"jota\">JOTA<\/span> PRO Poder, plataforma de monitoramento que oferece transpar\u00eancia e previsibilidade para empresas<\/span><\/a><\/p>\n<p><span>Conforme essa teoria informal, a elei\u00e7\u00e3o para presidente deste ano vem se desenhando como uma disputa entre dois favoritos que n\u00e3o possuem mais o privil\u00e9gio de ostentar um cristal intacto, prova disso s\u00e3o os recentes ataques do PT a <a href=\"https:\/\/www.jota.info\/tudo-sobre\/flavio-bolsonaro\">Fl\u00e1vio Bolsonaro (PL)<\/a> e o revide imediato do senador. O partido do presidente da Rep\u00fablica associou o filho de Jair Bolsonaro ao esc\u00e2ndalo do <a href=\"https:\/\/www.jota.info\/tudo-sobre\/banco-master\">banco Master<\/a>: \u201cBolso Master\u201d. A resposta foi r\u00e1pida: \u201cesquema de corrup\u00e7\u00e3o ocorrido j\u00e1 no governo <a href=\"https:\/\/www.jota.info\/tudo-sobre\/lula\">Lula<\/a>\u201c.<\/span><\/p>\n<p><span>A troca de acusa\u00e7\u00f5es nas redes sociais n\u00e3o se restringe ao banco. Rachadinha, mensal\u00e3o, mil\u00edcias, esc\u00e2ndalo do INSS, mans\u00e3o e petrol\u00e3o puxam a capivara das desgra\u00e7as. N\u00e3o por outros motivos, o mesmo s\u00e1bio da teoria do cristal quebrado vaticina: \u201cestamos adentrando a batalha das rejei\u00e7\u00f5es\u201d. De acordo com a mais recente pesquisa Genial Quaest, Lula e Fl\u00e1vio t\u00eam 48% de rejei\u00e7\u00e3o cada, seguidos por Romeu Zema (Novo), com 33%, e Ronaldo Caiado (PSD), com 29%.<\/span><\/p>\n<p><span>No entanto, segundo a mesma pesquisa, Lula, com 37%, e Fl\u00e1vio, com 32%, s\u00e3o os l\u00edderes das inten\u00e7\u00f5es de voto no primeiro turno. A margem de erro \u00e9 de dois pontos percentuais para mais ou para menos, e o n\u00edvel de confian\u00e7a \u00e9 de 95%. Portanto, estamos mesmo diante de uma \u201cbatalha do cristal trincado\u201d entre os favoritos.<\/span><\/p>\n<p><span>Importante neste ponto lembrar o marqueteiro Duda Mendon\u00e7a (1944-2021), que popularizou a frase \u201cquem bate, perde\u201d, uma s\u00edntese dos ensinamentos dos bons manuais de comunica\u00e7\u00e3o eleitoral: ataques diretos e agressivos tendem a prejudicar tamb\u00e9m seus autores porque o eleitor n\u00e3o gosta de agressividade.<\/span><\/p>\n<p><span>Mas como diminuir a rejei\u00e7\u00e3o de Lula e Fl\u00e1vio se suas pr\u00e9-campanhas j\u00e1 est\u00e3o se engalfinhando nas redes sociais cinco meses antes da elei\u00e7\u00e3o? Como transmitir ao eleitor alguma sensa\u00e7\u00e3o de esperan\u00e7a se a narrativa for baseada em votar no \u201cmenos pior\u201d para o pa\u00eds?<\/span><\/p>\n<p><span>H\u00e1 ainda um problema adicional para Lula. Bater em Fl\u00e1vio com a inten\u00e7\u00e3o de frear a subida do pr\u00e9-candidato do PL nas pesquisas poder\u00e1 beneficiar e fortalecer Caiado ou Zema, tamb\u00e9m candidatos de centro-direita. Trocando em mi\u00fados, o petista corre o risco de aumentar sua rejei\u00e7\u00e3o sem tirar da frente advers\u00e1rios pol\u00edticos e eleitorais.\u00a0<\/span><\/p>\n<p class=\"jota-cta\"><a href=\"https:\/\/conteudo.jota.info\/marketing-lp-newsletter-ultimas-noticias?utm_source=jota&amp;utm_medium=lp&amp;utm_campaign=23-09-2024-jota-lp-eleicoes-2024-eleicoes-2024-none-audiencias-none&amp;utm_content=eleicoes-2024&amp;utm_term=none\"><span>Assine gratuitamente a newsletter \u00daltimas Not\u00edcias do <span class=\"jota\">JOTA<\/span> e receba as principais not\u00edcias jur\u00eddicas e pol\u00edticas do dia no seu email<\/span><\/a><\/p>\n<p><span>\u00c9 nesse cen\u00e1rio que come\u00e7am a trabalhar as equipes de comunica\u00e7\u00e3o das principais pr\u00e9-campanhas at\u00e9 aqui. Em algum momento, se tiverem ju\u00edzo e compet\u00eancia, os times de Lula e de Fl\u00e1vio ter\u00e3o de levar a s\u00e9rio o trabalho herc\u00faleo de diminuir a rejei\u00e7\u00e3o de seus candidatos, algo sabidamente dif\u00edcil de ocorrer no conturbado ambiente pol\u00edtico brasileiro, cingido por uma polariza\u00e7\u00e3o de nervos \u00e0 flor da pele.<\/span><\/p>\n<p><span>No caso do presidente, fustigado pela chuva e pelo eterno vento da pol\u00edtica brasileira, o trabalho de diminui\u00e7\u00e3o de sua rejei\u00e7\u00e3o deveria ser a base de sua atual pr\u00e9-campanha e de toda a campanha a partir de agosto, ao menos no primeiro turno. Por ora, a julgar pelo que foi apresentado at\u00e9 aqui, o caminho escolhido poder\u00e1 ser outro.<\/span><\/p>\n<p><span>Assim, se a pancadaria n\u00e3o der certo nos pr\u00f3ximos meses, \u00e9 poss\u00edvel que crescer\u00e1 nos bastidores do PT, da centro-esquerda e at\u00e9 da Faria Lima o grupo dos que sonham com a <a href=\"https:\/\/www.jota.info\/opiniao-e-analise\/colunas\/coluna-do-bombig\/lula-pode-desistir-da-reeleicao\">substitui\u00e7\u00e3o de Lula pelo ex-ministro Fernando Haddad<\/a>, um petista cujo o cristal n\u00e3o est\u00e1 trincado pelos \u201c\u00e3os\u201d da pol\u00edtica nacional.\u00a0<\/span><\/p>\n<h2><span>Me chama<\/span><\/h2>\n<p><span>Em conversas reservadas, Fernando Haddad tem dito que gostaria de ser convocado pela CPI do Master, se algum dia ela vier a ser instalada no Congresso, para debater de peito aberto com a oposi\u00e7\u00e3o.<\/span><\/p>\n<h2><span>Deixa comigo<\/span><\/h2>\n<p><span>O PT escalou Haddad para atacar Fl\u00e1vio como forma de preservar Lula at\u00e9 onde for poss\u00edvel do embate direto com o filho de Jair Bolsonaro. Coube ao ex-ministro e pupilo do presidente cravar o apelido \u201cBolsonarinho\u201d.<\/span><\/p>\n<h2><span>Fair play<\/span><\/h2>\n<p><span>Quando o assunto, por\u00e9m, \u00e9 sua pr\u00e9-campanha para o governo de S\u00e3o Paulo, Haddad diz que vai procurar manter o alto n\u00edvel contra Tarc\u00edsio de Freitas (Republicanos) e os demais advers\u00e1rios.<\/span><\/p>","protected":false},"excerpt":{"rendered":"<p>Um s\u00e1bio veterano das pesquisas e do marketing pol\u00edtico costuma recorrer a uma met\u00e1fora interessante quando quer explicar em poucas palavras determinados motivos que tornam um candidato mais vi\u00e1vel eleitoralmente do que outro. \u201cFulano n\u00e3o tem o cristal trincado\u201d, diz ele. Em linhas gerais, essa express\u00e3o significa que a imagem p\u00fablica de determinado pol\u00edtico n\u00e3o [&hellip;]<\/p>\n","protected":false},"author":0,"featured_media":0,"comment_status":"open","ping_status":"open","sticky":false,"template":"","format":"standard","meta":[],"categories":[1],"tags":[],"_links":{"self":[{"href":"https:\/\/aprimora.site\/carvalhoalmeidaadvogados\/wp-json\/wp\/v2\/posts\/22393"}],"collection":[{"href":"https:\/\/aprimora.site\/carvalhoalmeidaadvogados\/wp-json\/wp\/v2\/posts"}],"about":[{"href":"https:\/\/aprimora.site\/carvalhoalmeidaadvogados\/wp-json\/wp\/v2\/types\/post"}],"replies":[{"embeddable":true,"href":"https:\/\/aprimora.site\/carvalhoalmeidaadvogados\/wp-json\/wp\/v2\/comments?post=22393"}],"version-history":[{"count":0,"href":"https:\/\/aprimora.site\/carvalhoalmeidaadvogados\/wp-json\/wp\/v2\/posts\/22393\/revisions"}],"wp:attachment":[{"href":"https:\/\/aprimora.site\/carvalhoalmeidaadvogados\/wp-json\/wp\/v2\/media?parent=22393"}],"wp:term":[{"taxonomy":"category","embeddable":true,"href":"https:\/\/aprimora.site\/carvalhoalmeidaadvogados\/wp-json\/wp\/v2\/categories?post=22393"},{"taxonomy":"post_tag","embeddable":true,"href":"https:\/\/aprimora.site\/carvalhoalmeidaadvogados\/wp-json\/wp\/v2\/tags?post=22393"}],"curies":[{"name":"wp","href":"https:\/\/api.w.org\/{rel}","templated":true}]}}