{"id":22390,"date":"2026-04-28T09:07:15","date_gmt":"2026-04-28T12:07:15","guid":{"rendered":"https:\/\/aprimora.site\/carvalhoalmeidaadvogados\/2026\/04\/28\/primeira-secao-ajusta-tese-repetitiva-e-inclui-teto-para-taifeiros-da-aeronautica-com-beneficios-acumulados\/"},"modified":"2026-04-28T09:07:15","modified_gmt":"2026-04-28T12:07:15","slug":"primeira-secao-ajusta-tese-repetitiva-e-inclui-teto-para-taifeiros-da-aeronautica-com-beneficios-acumulados","status":"publish","type":"post","link":"https:\/\/aprimora.site\/carvalhoalmeidaadvogados\/2026\/04\/28\/primeira-secao-ajusta-tese-repetitiva-e-inclui-teto-para-taifeiros-da-aeronautica-com-beneficios-acumulados\/","title":{"rendered":"Primeira Se\u00e7\u00e3o ajusta tese repetitiva e inclui teto para taifeiros da Aeron\u00e1utica com benef\u00edcios acumulados"},"content":{"rendered":"<p>Primeira Se\u00e7\u00e3o ajusta tese repetitiva e inclui teto para taifeiros da Aeron\u00e1utica com benef\u00edcios acumulados<\/p>","protected":false},"excerpt":{"rendered":"<p>Primeira Se\u00e7\u00e3o ajusta tese repetitiva e inclui teto para taifeiros da Aeron\u00e1utica com benef\u00edcios acumulados<\/p>\n","protected":false},"author":0,"featured_media":0,"comment_status":"open","ping_status":"open","sticky":false,"template":"","format":"standard","meta":[],"categories":[1],"tags":[],"_links":{"self":[{"href":"https:\/\/aprimora.site\/carvalhoalmeidaadvogados\/wp-json\/wp\/v2\/posts\/22390"}],"collection":[{"href":"https:\/\/aprimora.site\/carvalhoalmeidaadvogados\/wp-json\/wp\/v2\/posts"}],"about":[{"href":"https:\/\/aprimora.site\/carvalhoalmeidaadvogados\/wp-json\/wp\/v2\/types\/post"}],"replies":[{"embeddable":true,"href":"https:\/\/aprimora.site\/carvalhoalmeidaadvogados\/wp-json\/wp\/v2\/comments?post=22390"}],"version-history":[{"count":0,"href":"https:\/\/aprimora.site\/carvalhoalmeidaadvogados\/wp-json\/wp\/v2\/posts\/22390\/revisions"}],"wp:attachment":[{"href":"https:\/\/aprimora.site\/carvalhoalmeidaadvogados\/wp-json\/wp\/v2\/media?parent=22390"}],"wp:term":[{"taxonomy":"category","embeddable":true,"href":"https:\/\/aprimora.site\/carvalhoalmeidaadvogados\/wp-json\/wp\/v2\/categories?post=22390"},{"taxonomy":"post_tag","embeddable":true,"href":"https:\/\/aprimora.site\/carvalhoalmeidaadvogados\/wp-json\/wp\/v2\/tags?post=22390"}],"curies":[{"name":"wp","href":"https:\/\/api.w.org\/{rel}","templated":true}]}}