{"id":22387,"date":"2026-04-28T08:07:51","date_gmt":"2026-04-28T11:07:51","guid":{"rendered":"https:\/\/aprimora.site\/carvalhoalmeidaadvogados\/2026\/04\/28\/i-congresso-internacional-justica-originaria-comeca-nesta-terca-28-com-transmissao-ao-vivo\/"},"modified":"2026-04-28T08:07:51","modified_gmt":"2026-04-28T11:07:51","slug":"i-congresso-internacional-justica-originaria-comeca-nesta-terca-28-com-transmissao-ao-vivo","status":"publish","type":"post","link":"https:\/\/aprimora.site\/carvalhoalmeidaadvogados\/2026\/04\/28\/i-congresso-internacional-justica-originaria-comeca-nesta-terca-28-com-transmissao-ao-vivo\/","title":{"rendered":"I Congresso Internacional Justi\u00e7a Origin\u00e1ria come\u00e7a nesta ter\u00e7a (28) com transmiss\u00e3o ao vivo"},"content":{"rendered":"<p>I Congresso Internacional Justi\u00e7a Origin\u00e1ria come\u00e7a nesta ter\u00e7a (28) com transmiss\u00e3o ao vivo<\/p>","protected":false},"excerpt":{"rendered":"<p>I Congresso Internacional Justi\u00e7a Origin\u00e1ria come\u00e7a nesta ter\u00e7a (28) com transmiss\u00e3o ao vivo<\/p>\n","protected":false},"author":0,"featured_media":0,"comment_status":"open","ping_status":"open","sticky":false,"template":"","format":"standard","meta":[],"categories":[1],"tags":[],"_links":{"self":[{"href":"https:\/\/aprimora.site\/carvalhoalmeidaadvogados\/wp-json\/wp\/v2\/posts\/22387"}],"collection":[{"href":"https:\/\/aprimora.site\/carvalhoalmeidaadvogados\/wp-json\/wp\/v2\/posts"}],"about":[{"href":"https:\/\/aprimora.site\/carvalhoalmeidaadvogados\/wp-json\/wp\/v2\/types\/post"}],"replies":[{"embeddable":true,"href":"https:\/\/aprimora.site\/carvalhoalmeidaadvogados\/wp-json\/wp\/v2\/comments?post=22387"}],"version-history":[{"count":0,"href":"https:\/\/aprimora.site\/carvalhoalmeidaadvogados\/wp-json\/wp\/v2\/posts\/22387\/revisions"}],"wp:attachment":[{"href":"https:\/\/aprimora.site\/carvalhoalmeidaadvogados\/wp-json\/wp\/v2\/media?parent=22387"}],"wp:term":[{"taxonomy":"category","embeddable":true,"href":"https:\/\/aprimora.site\/carvalhoalmeidaadvogados\/wp-json\/wp\/v2\/categories?post=22387"},{"taxonomy":"post_tag","embeddable":true,"href":"https:\/\/aprimora.site\/carvalhoalmeidaadvogados\/wp-json\/wp\/v2\/tags?post=22387"}],"curies":[{"name":"wp","href":"https:\/\/api.w.org\/{rel}","templated":true}]}}