{"id":22386,"date":"2026-04-28T08:07:51","date_gmt":"2026-04-28T11:07:51","guid":{"rendered":"https:\/\/aprimora.site\/carvalhoalmeidaadvogados\/2026\/04\/28\/quarta-turma-condena-braskem-a-indenizar-porteiro-demitido-apos-desastre-ambiental-em-maceio\/"},"modified":"2026-04-28T08:07:51","modified_gmt":"2026-04-28T11:07:51","slug":"quarta-turma-condena-braskem-a-indenizar-porteiro-demitido-apos-desastre-ambiental-em-maceio","status":"publish","type":"post","link":"https:\/\/aprimora.site\/carvalhoalmeidaadvogados\/2026\/04\/28\/quarta-turma-condena-braskem-a-indenizar-porteiro-demitido-apos-desastre-ambiental-em-maceio\/","title":{"rendered":"Quarta Turma condena Braskem a indenizar porteiro demitido ap\u00f3s desastre ambiental em Macei\u00f3"},"content":{"rendered":"<p>Quarta Turma condena Braskem a indenizar porteiro demitido ap\u00f3s desastre ambiental em Macei\u00f3<\/p>","protected":false},"excerpt":{"rendered":"<p>Quarta Turma condena Braskem a indenizar porteiro demitido ap\u00f3s desastre ambiental em Macei\u00f3<\/p>\n","protected":false},"author":0,"featured_media":0,"comment_status":"open","ping_status":"open","sticky":false,"template":"","format":"standard","meta":[],"categories":[1],"tags":[],"_links":{"self":[{"href":"https:\/\/aprimora.site\/carvalhoalmeidaadvogados\/wp-json\/wp\/v2\/posts\/22386"}],"collection":[{"href":"https:\/\/aprimora.site\/carvalhoalmeidaadvogados\/wp-json\/wp\/v2\/posts"}],"about":[{"href":"https:\/\/aprimora.site\/carvalhoalmeidaadvogados\/wp-json\/wp\/v2\/types\/post"}],"replies":[{"embeddable":true,"href":"https:\/\/aprimora.site\/carvalhoalmeidaadvogados\/wp-json\/wp\/v2\/comments?post=22386"}],"version-history":[{"count":0,"href":"https:\/\/aprimora.site\/carvalhoalmeidaadvogados\/wp-json\/wp\/v2\/posts\/22386\/revisions"}],"wp:attachment":[{"href":"https:\/\/aprimora.site\/carvalhoalmeidaadvogados\/wp-json\/wp\/v2\/media?parent=22386"}],"wp:term":[{"taxonomy":"category","embeddable":true,"href":"https:\/\/aprimora.site\/carvalhoalmeidaadvogados\/wp-json\/wp\/v2\/categories?post=22386"},{"taxonomy":"post_tag","embeddable":true,"href":"https:\/\/aprimora.site\/carvalhoalmeidaadvogados\/wp-json\/wp\/v2\/tags?post=22386"}],"curies":[{"name":"wp","href":"https:\/\/api.w.org\/{rel}","templated":true}]}}