{"id":22385,"date":"2026-04-28T07:04:47","date_gmt":"2026-04-28T10:04:47","guid":{"rendered":"https:\/\/aprimora.site\/carvalhoalmeidaadvogados\/2026\/04\/28\/descriminalizacao-da-posse-de-maconha-para-uso-pessoal-nao-afasta-falta-grave-no-ambito-da-execucao-penal\/"},"modified":"2026-04-28T07:04:47","modified_gmt":"2026-04-28T10:04:47","slug":"descriminalizacao-da-posse-de-maconha-para-uso-pessoal-nao-afasta-falta-grave-no-ambito-da-execucao-penal","status":"publish","type":"post","link":"https:\/\/aprimora.site\/carvalhoalmeidaadvogados\/2026\/04\/28\/descriminalizacao-da-posse-de-maconha-para-uso-pessoal-nao-afasta-falta-grave-no-ambito-da-execucao-penal\/","title":{"rendered":"Descriminaliza\u00e7\u00e3o da posse de maconha para uso pessoal n\u00e3o afasta falta grave no \u00e2mbito da execu\u00e7\u00e3o penal"},"content":{"rendered":"<p>No entendimento da Quinta Turma, a posse de droga no pres\u00eddio compromete a disciplina e influencia negativamente o comportamento de outros detentos, o que justifica a classifica\u00e7\u00e3o como falta grave.<\/p>","protected":false},"excerpt":{"rendered":"<p>No entendimento da Quinta Turma, a posse de droga no pres\u00eddio compromete a disciplina e influencia negativamente o comportamento de outros detentos, o que justifica a classifica\u00e7\u00e3o como falta grave.<\/p>\n","protected":false},"author":0,"featured_media":0,"comment_status":"open","ping_status":"open","sticky":false,"template":"","format":"standard","meta":[],"categories":[1],"tags":[],"_links":{"self":[{"href":"https:\/\/aprimora.site\/carvalhoalmeidaadvogados\/wp-json\/wp\/v2\/posts\/22385"}],"collection":[{"href":"https:\/\/aprimora.site\/carvalhoalmeidaadvogados\/wp-json\/wp\/v2\/posts"}],"about":[{"href":"https:\/\/aprimora.site\/carvalhoalmeidaadvogados\/wp-json\/wp\/v2\/types\/post"}],"replies":[{"embeddable":true,"href":"https:\/\/aprimora.site\/carvalhoalmeidaadvogados\/wp-json\/wp\/v2\/comments?post=22385"}],"version-history":[{"count":0,"href":"https:\/\/aprimora.site\/carvalhoalmeidaadvogados\/wp-json\/wp\/v2\/posts\/22385\/revisions"}],"wp:attachment":[{"href":"https:\/\/aprimora.site\/carvalhoalmeidaadvogados\/wp-json\/wp\/v2\/media?parent=22385"}],"wp:term":[{"taxonomy":"category","embeddable":true,"href":"https:\/\/aprimora.site\/carvalhoalmeidaadvogados\/wp-json\/wp\/v2\/categories?post=22385"},{"taxonomy":"post_tag","embeddable":true,"href":"https:\/\/aprimora.site\/carvalhoalmeidaadvogados\/wp-json\/wp\/v2\/tags?post=22385"}],"curies":[{"name":"wp","href":"https:\/\/api.w.org\/{rel}","templated":true}]}}