{"id":22380,"date":"2026-04-28T06:06:08","date_gmt":"2026-04-28T09:06:08","guid":{"rendered":"https:\/\/aprimora.site\/carvalhoalmeidaadvogados\/2026\/04\/28\/do-ludismo-a-tecnolatria-a-transformacao-digital-precisa-de-etica-e-prudencia\/"},"modified":"2026-04-28T06:06:08","modified_gmt":"2026-04-28T09:06:08","slug":"do-ludismo-a-tecnolatria-a-transformacao-digital-precisa-de-etica-e-prudencia","status":"publish","type":"post","link":"https:\/\/aprimora.site\/carvalhoalmeidaadvogados\/2026\/04\/28\/do-ludismo-a-tecnolatria-a-transformacao-digital-precisa-de-etica-e-prudencia\/","title":{"rendered":"Do ludismo \u00e0 tecnolatria: a transforma\u00e7\u00e3o digital precisa de \u00e9tica e prud\u00eancia"},"content":{"rendered":"<p>A intelig\u00eancia artificial recoloca um dilema civilizat\u00f3rio cl\u00e1ssico: como avan\u00e7ar tecnologicamente sem corroer os fundamentos \u00e9ticos e sociais da vida em comum. A hist\u00f3ria demonstra que toda grande transforma\u00e7\u00e3o t\u00e9cnica enfrentou esse impasse e que as respostas dadas moldaram n\u00e3o apenas o ritmo da mudan\u00e7a, mas a pr\u00f3pria qualidade da civiliza\u00e7\u00e3o resultante.<\/p>\n<p>Desde a Antiguidade, o avan\u00e7o t\u00e9cnico desperta fasc\u00ednio e temor. Plat\u00e3o temia que a escrita enfraquecesse a mem\u00f3ria; a prensa de Gutenberg foi acusada de vulgarizar o saber e subverter a autoridade eclesi\u00e1stica; os ludistas ingleses, no in\u00edcio do s\u00e9culo XIX, destru\u00edram teares mec\u00e2nicos em nome dos of\u00edcios que a industrializa\u00e7\u00e3o amea\u00e7ava extinguir. O padr\u00e3o de resist\u00eancia \u00e9 recorrente.<\/p>\n<p><a href=\"https:\/\/www.jota.info\/produtos\/poder?utm_source=cta-site&amp;utm_medium=site&amp;utm_campaign=campanha_poder_q2&amp;utm_id=cta_texto_poder_q2_2023&amp;utm_term=cta_texto_poder&amp;utm_term=cta_texto_poder_meio_materias\"><span>Conhe\u00e7a o <span class=\"jota\">JOTA<\/span> PRO Poder, plataforma de monitoramento que oferece transpar\u00eancia e previsibilidade para empresas<\/span><\/a><\/p>\n<p>Esse fen\u00f4meno tem nome: o soci\u00f3logo William Ogburn identificou, j\u00e1 em 1922, o <em>cultural lag<\/em> (atraso cultural), caracterizado pela defasagem entre o ritmo da inova\u00e7\u00e3o t\u00e9cnica e a capacidade das institui\u00e7\u00f5es de acompanh\u00e1-la. Quando esse intervalo se alarga sem uma resposta institucional \u00e0 altura, a disrup\u00e7\u00e3o tende a se converter em crise social. A li\u00e7\u00e3o, contudo, n\u00e3o \u00e9 rejeitar a tecnologia, mas subordin\u00e1-la a fins humanos compartilhados.<\/p>\n<p>Esse fen\u00f4meno se intensifica com a intelig\u00eancia artificial, que radicaliza o desafio ao avan\u00e7ar sobre fun\u00e7\u00f5es cognitivas superiores, simulando a pr\u00f3pria faculdade de decidir. Diferentemente de revolu\u00e7\u00f5es anteriores que substitu\u00edam o esfor\u00e7o f\u00edsico, a IA tangencia o n\u00facleo da ag\u00eancia humana. \u00c9 nesse ponto que o Papa Le\u00e3o XIV, em discurso proferido na Confer\u00eancia sobre IA e Cuidado da Casa Comum (2025), ofereceu uma distin\u00e7\u00e3o fundamental ao recordar que nossa dignidade reside na capacidade de refletir e de escolher livremente. O dilema que emerge, portanto, n\u00e3o \u00e9 meramente o erro t\u00e9cnico ou o vi\u00e9s algor\u00edtmico, mas a externaliza\u00e7\u00e3o da capacidade de julgamento, substituindo a sabedoria pr\u00e1tica e contextual por processamento estat\u00edstico desprovido de consci\u00eancia \u00e9tica.<\/p>\n<p>A governan\u00e7a da IA n\u00e3o pode ser puramente t\u00e9cnica, ao contr\u00e1rio, ela precisa ser pol\u00edtica e democraticamente constru\u00edda. \u00c9 aqui que a \u201craz\u00e3o p\u00fablica\u201d de John Rawls oferece o crit\u00e9rio ideal para o debate regulat\u00f3rio: em sociedades plurais, as decis\u00f5es coletivas devem basear-se em raz\u00f5es que todos possam aceitar, independentemente de suas convic\u00e7\u00f5es particulares sobre o bem.<\/p>\n<p>No Brasil, essa exig\u00eancia se traduz na necessidade de construir consensos sobre valores pol\u00edticos compartilhados (os \u201cessenciais constitucionais\u201d) que transcendam prefer\u00eancias ideol\u00f3gicas e garantam seguran\u00e7a jur\u00eddica ao mercado. Isso significa que a regula\u00e7\u00e3o da IA n\u00e3o deve ser capturada nem por um dirigismo estatal excessivo, nem por interesses setoriais restritos, mas sim legitimada por processos deliberativos que incluam vozes diversas, do setor produtivo \u00e0 academia.<\/p>\n<p>Mas a legitimidade democr\u00e1tica tem tamb\u00e9m dimens\u00e3o econ\u00f4mica. A hip\u00f3tese de que marcos de governan\u00e7a respons\u00e1veis atraem investimentos de maior qualidade e perman\u00eancia \u00e9 plaus\u00edvel, embora ainda empiricamente disputada, e a experi\u00eancia europeia com o AI Act come\u00e7a a revelar efeitos distintos sobre diferentes perfis de investidor. Regula\u00e7\u00e3o e est\u00edmulo ao investimento podem ser complementares, mas essa rela\u00e7\u00e3o n\u00e3o \u00e9 autom\u00e1tica.<\/p>\n<p>Entre 2013 e 2024, os Estados Unidos concentraram cerca de 73% do investimento privado em IA entre as tr\u00eas principais pot\u00eancias, seguidos pela China (18%) e pela Uni\u00e3o Europeia (8%). Essa lacuna reflete escolhas industriais estruturais mais do que efeitos diretos da regula\u00e7\u00e3o. Em resposta, a Comiss\u00e3o Europeia lan\u00e7ou em 2025 a iniciativa InvestAI, com o objetivo de mobilizar 200 bilh\u00f5es de euros em IA sinalizando que regula\u00e7\u00e3o e est\u00edmulo ao investimento n\u00e3o s\u00e3o necessariamente excludentes.<\/p>\n<p>Para o Brasil, a quest\u00e3o relevante n\u00e3o \u00e9 se regula\u00e7\u00e3o \u00e9tica \u00e9 economicamente eficiente em abstrato, mas quais modelos de desenvolvimento ela torna poss\u00edveis e quais ela desencoraja. Em um pa\u00eds que enfrenta desafios de competitividade e efici\u00eancia, a IA pode aprofundar desigualdades existentes ou abrir novos caminhos de desenvolvimento, e a diferen\u00e7a depender\u00e1 da qualidade das regras e institui\u00e7\u00f5es que orientar\u00e3o seu uso.<\/p>\n<p>O caminho entre o medo do novo e a devo\u00e7\u00e3o cega \u00e0 tecnologia exige prud\u00eancia e uma vis\u00e3o estrat\u00e9gica de longo prazo, assegurando que a norma sirva como infraestrutura para o desenvolvimento respons\u00e1vel, e n\u00e3o como obst\u00e1culo ao progresso.<\/p>\n<p>O Brasil est\u00e1 neste momento de decis\u00e3o. Que n\u00e3o sejamos, por\u00e9m, os ludistas da intelig\u00eancia artificial.<\/p>\n<p><strong>Refer\u00eancias<\/strong><\/p>\n<p>LE\u00c3O XIV, Papa. Discurso na Confer\u00eancia \u201cArtificial Intelligence and Care of Our Common Home\u201d. Sala do Consist\u00f3rio, Vaticano, 5 de dezembro de 2025. Dispon\u00edvel em: <a href=\"https:\/\/www.vatican.va\/content\/leo-xiv\/pt\/speeches\/2025\/december\/documents\/20251205-conferenza.html\">https:\/\/www.vatican.va\/content\/leo-xiv\/pt\/speeches\/2025\/december\/documents\/20251205-conferenza.html<\/a>. Acesso em: 17 jan. 2026.<\/p>\n<p>OGBURN, William Fielding. Social Change with Respect to Culture and Original Nature. New York: B. W. Huebsch, 1922.<\/p>\n<p>RAWLS, John. Political Liberalism. New York: Columbia University Press, 1993.<\/p>\n<p>RUBIO, Nadia; PELKMANS, Jacques. Deregulating artificial intelligence will not boost EU tech markets. Bruegel, 24 mar. 2026. Dispon\u00edvel em: <a href=\"https:\/\/www.bruegel.org\/first-glance\/deregulating-artificial-intelligence-will-not-boost-eu-tech-markets\">https:\/\/www.bruegel.org\/first-glance\/deregulating-artificial-intelligence-will-not-boost-eu-tech-markets<\/a>. Acesso em: 15 abr. 2026.<\/p>\n<p>UNI\u00c3O EUROPEIA. Regulamento (UE) 2024\/1689 do Parlamento Europeu e do Conselho, de 13 de junho de 2024 \u2013 Artificial Intelligence Act. Jornal Oficial da Uni\u00e3o Europeia, L 2024\/1689, 12 jul. 2024. Dispon\u00edvel em: <a href=\"https:\/\/eur-lex.europa.eu\/legal-content\/PT\/TXT\/?uri=OJ:L_202401689\">https:\/\/eur-lex.europa.eu\/legal-content\/PT\/TXT\/?uri=OJ:L_202401689<\/a>. Acesso em: 17 jan. 2026.<\/p>\n<p>WHITE &amp; CASE LLP. AI Watch: Global regulatory tracker \u2013 European Union. Dispon\u00edvel em: <a href=\"https:\/\/www.whitecase.com\/insight-our-thinking\/ai-watch-global-regulatory-tracker-european-union\">https:\/\/www.whitecase.com\/insight-our-thinking\/ai-watch-global-regulatory-tracker-european-union<\/a>. Acesso em: 17 jan. 2026.<\/p>","protected":false},"excerpt":{"rendered":"<p>A intelig\u00eancia artificial recoloca um dilema civilizat\u00f3rio cl\u00e1ssico: como avan\u00e7ar tecnologicamente sem corroer os fundamentos \u00e9ticos e sociais da vida em comum. A hist\u00f3ria demonstra que toda grande transforma\u00e7\u00e3o t\u00e9cnica enfrentou esse impasse e que as respostas dadas moldaram n\u00e3o apenas o ritmo da mudan\u00e7a, mas a pr\u00f3pria qualidade da civiliza\u00e7\u00e3o resultante. Desde a Antiguidade, [&hellip;]<\/p>\n","protected":false},"author":0,"featured_media":0,"comment_status":"open","ping_status":"open","sticky":false,"template":"","format":"standard","meta":[],"categories":[1],"tags":[],"_links":{"self":[{"href":"https:\/\/aprimora.site\/carvalhoalmeidaadvogados\/wp-json\/wp\/v2\/posts\/22380"}],"collection":[{"href":"https:\/\/aprimora.site\/carvalhoalmeidaadvogados\/wp-json\/wp\/v2\/posts"}],"about":[{"href":"https:\/\/aprimora.site\/carvalhoalmeidaadvogados\/wp-json\/wp\/v2\/types\/post"}],"replies":[{"embeddable":true,"href":"https:\/\/aprimora.site\/carvalhoalmeidaadvogados\/wp-json\/wp\/v2\/comments?post=22380"}],"version-history":[{"count":0,"href":"https:\/\/aprimora.site\/carvalhoalmeidaadvogados\/wp-json\/wp\/v2\/posts\/22380\/revisions"}],"wp:attachment":[{"href":"https:\/\/aprimora.site\/carvalhoalmeidaadvogados\/wp-json\/wp\/v2\/media?parent=22380"}],"wp:term":[{"taxonomy":"category","embeddable":true,"href":"https:\/\/aprimora.site\/carvalhoalmeidaadvogados\/wp-json\/wp\/v2\/categories?post=22380"},{"taxonomy":"post_tag","embeddable":true,"href":"https:\/\/aprimora.site\/carvalhoalmeidaadvogados\/wp-json\/wp\/v2\/tags?post=22380"}],"curies":[{"name":"wp","href":"https:\/\/api.w.org\/{rel}","templated":true}]}}