{"id":22369,"date":"2026-04-27T18:00:00","date_gmt":"2026-04-27T21:00:00","guid":{"rendered":"https:\/\/aprimora.site\/carvalhoalmeidaadvogados\/2026\/04\/27\/os-desafios-do-governo-lula-nas-eleicoes-seguranca-publica\/"},"modified":"2026-04-27T18:00:00","modified_gmt":"2026-04-27T21:00:00","slug":"os-desafios-do-governo-lula-nas-eleicoes-seguranca-publica","status":"publish","type":"post","link":"https:\/\/aprimora.site\/carvalhoalmeidaadvogados\/2026\/04\/27\/os-desafios-do-governo-lula-nas-eleicoes-seguranca-publica\/","title":{"rendered":"Os desafios do governo Lula nas elei\u00e7\u00f5es: seguran\u00e7a p\u00fablica"},"content":{"rendered":"<p>A <a href=\"https:\/\/www.jota.info\/tudo-sobre\/seguranca-publica\">seguran\u00e7a p\u00fablica<\/a> costuma ser, de maneira geral, um dos calcanhares de Aquiles da esquerda. N\u00e3o porque esse espectro ideol\u00f3gico n\u00e3o tenha propostas de pol\u00edticas p\u00fablicas para essa \u00e1rea, embora pouco tenha sido apresentado nesse sentido nos \u00faltimos anos, mas justamente por esse campo compreender que a viol\u00eancia e o crime s\u00e3o problemas sist\u00eamicos, complexos, cuja \u201cresolu\u00e7\u00e3o\u201d n\u00e3o depende apenas da repress\u00e3o policial, mas de uma s\u00e9rie de fatores e a\u00e7\u00f5es por parte dos governos (federal, estaduais e municipais) e da sociedade civil.<\/p>\n<p>O crime \u00e9, como apontou \u00c9mile Durkheim, um dos principais nomes da sociologia, um fato social que permeia todas as sociedades em diferentes \u00e9pocas e, sendo assim, n\u00e3o possui uma solu\u00e7\u00e3o definitiva. Existem, entretanto, fatores que o favorecem e s\u00e3o esses fatores que devem ser combatidos para al\u00e9m da mera a\u00e7\u00e3o policial.<\/p>\n<p class=\"jota-cta\"><a href=\"https:\/\/www.jota.info\/produtos\/poder?utm_source=cta-site&amp;utm_medium=site&amp;utm_campaign=campanha_poder_q2&amp;utm_id=cta_texto_poder_q2_2023&amp;utm_term=cta_texto_poder&amp;utm_term=cta_texto_poder_meio_materias\"><span>Conhe\u00e7a o <span class=\"jota\">JOTA<\/span> PRO Poder, plataforma de monitoramento que oferece transpar\u00eancia e previsibilidade para empresas<\/span><\/a><\/p>\n<p>Uma pol\u00edtica de seguran\u00e7a p\u00fablica bem estruturada deve levar em considera\u00e7\u00e3o n\u00e3o apenas o uso do aparato repressivo do Estado, mas tamb\u00e9m atuar em diversas frentes, como na redu\u00e7\u00e3o das desigualdades sociais; cria\u00e7\u00e3o de oportunidades de empregos decentes; oferta de educa\u00e7\u00e3o p\u00fablica e universal de qualidade; no incentivo ao esporte passando at\u00e9 por quest\u00f5es \u201csimples\u201d como melhorar a ilumina\u00e7\u00e3o p\u00fablica, para citar alguns exemplos.<\/p>\n<p>Devido \u00e0 neglig\u00eancia hist\u00f3rica de sucessivos governos tanto de direita quanto de esquerda, democr\u00e1ticos ou autorit\u00e1rios, a inseguran\u00e7a dos brasileiros, especialmente dos moradores de regi\u00f5es dominadas pelo crime organizado, tem aumentado de tal forma que a opini\u00e3o p\u00fablica se tornou ref\u00e9m f\u00e1cil dos discursos populistas de direita que defendem apenas o uso da for\u00e7a como forma de combater o crime.<\/p>\n<p>Pesquisa Datafolha divulgada em mar\u00e7o revela que a viol\u00eancia aparece como o segundo maior problema do pa\u00eds, segundo 19% dos entrevistados, atr\u00e1s apenas da sa\u00fade (21%). Essa conjuntura permite que falsas solu\u00e7\u00f5es \u201clinha dura\u201d no combate ao crime sejam vendidas \u00e0 sociedade por pol\u00edticos oportunistas e compradas por boa parte do eleitorado desesperado por respostas.<\/p>\n<p>Aproveitando-se disso, a extrema direita brasileira come\u00e7a a defender em discursos a proposta de \u201cbukeliza\u00e7\u00e3o\u201d do Brasil. Trata-se de uma refer\u00eancia a Nayib Bukele, o presidente de extrema direita de El Salvador que desde 2019 comanda o pa\u00eds com m\u00e3o de ferro investindo no autoritarismo, viola\u00e7\u00e3o de direitos humanos e encarceramento em massa para combater a criminalidade.<\/p>\n<p class=\"jota-cta\"><a href=\"https:\/\/conteudo.jota.info\/marketing-lp-newsletter-ultimas-noticias?utm_source=jota&amp;utm_medium=lp&amp;utm_campaign=23-09-2024-jota-lp-eleicoes-2024-eleicoes-2024-none-audiencias-none&amp;utm_content=eleicoes-2024&amp;utm_term=none\"><span>Assine gratuitamente a newsletter \u00daltimas Not\u00edcias do <span class=\"jota\">JOTA<\/span> e receba as principais not\u00edcias jur\u00eddicas e pol\u00edticas do dia no seu email<\/span><\/a><\/p>\n<p>Com amplo apoio do Legislativo, conquistado nas elei\u00e7\u00f5es de 2021, Bukele destituiu cinco membros da Suprema Corte do seu pa\u00eds e o procurador-geral da Rep\u00fablica, obtendo assim controle total sobre as institui\u00e7\u00f5es, o que resultou na sua reelei\u00e7\u00e3o em 2024, apesar da proibi\u00e7\u00e3o prevista na Constitui\u00e7\u00e3o, o que s\u00f3 foi poss\u00edvel gra\u00e7as ao entendimento da Suprema Corte, dominada por ju\u00edzes indicados por ele, que retirou limites \u00e0 reelei\u00e7\u00e3o.<\/p>\n<p>O pesquisador do Laborat\u00f3rio de An\u00e1lise da Viol\u00eancia da UERJ, Ignacio Cano, denunciou em evento a exist\u00eancia de uma ditadura em El Salvador sob o governo Bukele. \u201cA pol\u00edtica de seguran\u00e7a p\u00fablica do Bukele, na verdade, \u00e9 uma das ferramentas de uma pol\u00edtica autorit\u00e1ria de controle do Estado. Esse \u00e9 o modelo e precisa ser divulgado. N\u00e3o se trata apenas de colocar pessoas inocentes na pris\u00e3o, mas de controlar qualquer tipo de dissid\u00eancia, seja na sociedade civil, no Judici\u00e1rio ou no Parlamento\u201d, afirmou.<\/p>\n<p>Copiar o \u201cmodus operandi\u201d do protoditador salvadorenho \u00e9 o sonho da extrema direita brasileira, que n\u00e3o esconde querer conquistar a maioria do Senado para poder fazer o impeachment de ministros do STF, vetar e punir autoridades e aprovar reformas autorit\u00e1rias como fez o presidente salvadorenho.<\/p>\n<p>Soma-se a isso o fato de o governo dos Estados Unidos ter informado ao presidente do Banco Central do Brasil, Gabriel Gal\u00edpolo, que pretende classificar os grupos criminosos Comando Vermelho (CV) e Primeiro Comando da\u00a0Capital (PCC) como organiza\u00e7\u00f5es terroristas. Segundo reportagem do jornal The New York Times, a quest\u00e3o vinha sofrendo influ\u00eancia direta dos filhos do ex-presidente Jair Bolsonaro (PL)<strong>. <\/strong><\/p>\n<p>Desde o in\u00edcio do segundo mandato de Trump, em janeiro de 2025, Washington tem adotado uma nova vers\u00e3o da Doutrina Monroe, defendendo a ideia de \u201cAm\u00e9rica para os americanos\u201d ao intervir diretamente em pa\u00edses da regi\u00e3o, como Venezuela e Cuba. Agora parece ter chegado a vez do Brasil entrar na lista dos pa\u00edses alvos da nova fase do imperialismo estadunidense.<\/p>\n<p>De acordo com a ONU, para ser classificado como terrorismo um ato criminoso violento precisa de motiva\u00e7\u00e3o ou objetivo ideol\u00f3gico, como os crimes praticados por raz\u00f5es pol\u00edticas. \u201cA gente n\u00e3o v\u00ea essas caracter\u00edsticas nem no PCC, nem no CV, que s\u00e3o organiza\u00e7\u00f5es criminosas do tipo mafioso\u201d afirmou em entrevista o promotor de Justi\u00e7a do Grupo de Atua\u00e7\u00e3o Especial de Combate ao Crime Organizado do Minist\u00e9rio P\u00fablico de S\u00e3o Paulo, Lincoln Gakiya, que investiga a atua\u00e7\u00e3o do PCC h\u00e1 mais de 20 anos.<\/p>\n<p>O governo brasileiro teme que essa medida do governo americano poder\u00e1 violar a soberania nacional e abrir caminho para a\u00e7\u00f5es militares estrangeiras em solo brasileiro como a que sequestrou o ex-presidente venezuelano Nicol\u00e1s Maduro no in\u00edcio deste ano. A legisla\u00e7\u00e3o dos Estados Unidos prev\u00ea a possibilidade de a\u00e7\u00f5es militares em outros pa\u00edses em caso de amea\u00e7a \u00e0 seguran\u00e7a e \u00e0 integridade do territ\u00f3rio ou da popula\u00e7\u00e3o estadunidense.<\/p>\n<p>\u201cVamos abrir um flanco para que, no futuro, possa haver algum tipo de opera\u00e7\u00e3o militar secreta, da CIA ou de for\u00e7as especiais [estadunidenses], na fronteira ou mesmo dentro do territ\u00f3rio brasileiro\u201d, declarou o promotor.<\/p>\n<p>A designa\u00e7\u00e3o unilateral pelos EUA tamb\u00e9m poder\u00e1 gerar san\u00e7\u00f5es financeiras e jur\u00eddicas ao Brasil com empresas multinacionais podendo ter que retirar suas sedes do pa\u00eds. Al\u00e9m disso, o enquadramento das organiza\u00e7\u00f5es criminosas como terroristas pelos EUA tamb\u00e9m alteraria o n\u00edvel de sigilo das informa\u00e7\u00f5es compartilhadas entre os \u00f3rg\u00e3os de seguran\u00e7a de ambos os pa\u00edses, concentrando-as na CIA ou em \u00f3rg\u00e3os militares estadunidenses, o que poderia atrapalhar investiga\u00e7\u00f5es conjuntas em curso e inviabilizar futuras coopera\u00e7\u00f5es.<\/p>\n<p class=\"jota-cta\"><a href=\"https:\/\/whatsapp.com\/channel\/0029VaFvFd73rZZflK7yGD0I\">Inscreva-se no canal de not\u00edcias do <span class=\"jota\">JOTA<\/span> no WhatsApp e fique por dentro das principais discuss\u00f5es do pa\u00eds!<\/a><\/p>\n<p>Desenha-se, portanto, um cen\u00e1rio extremamente delicado para o governo brasileiro. O governo americano j\u00e1 est\u00e1 iniciando a sua interven\u00e7\u00e3o no processo eleitoral brasileiro, <a href=\"https:\/\/www.jota.info\/opiniao-e-analise\/colunas\/democracia-em-transe\/ataque-dos-eua-a-venezuela-consolida-estado-de-excecao-como-nova-regra-mundial\">como previsto em artigo anterior desta coluna.<\/a> Resta saber se o governo Lula conseguir\u00e1 capitalizar esta ofensiva da mesma forma como fez com o tarifa\u00e7o de Trump, adotando um discurso de defesa da soberania nacional contra o inimigo externo em contraposi\u00e7\u00e3o \u00e0 direita entreguista bolsonarista, <a href=\"https:\/\/www.jota.info\/opiniao-e-analise\/colunas\/democracia-em-transe\/lula-vence-apenas-se-transformar-eleicao-em-plebiscito-sobre-soberania-nacional\">num cen\u00e1rio em que a elei\u00e7\u00e3o ganha car\u00e1ter plebiscit\u00e1rio sobre nossa independ\u00eancia<\/a>, ou se a narrativa da extrema direita, com apoio dos EUA, acabar\u00e1 por conquistar cora\u00e7\u00f5es e mentes temerosas da inseguran\u00e7a p\u00fablica que assola o pa\u00eds abrindo as portas para um governo autorit\u00e1rio e capacho dos Estados Unidos.<\/p>\n<p><em>*Este artigo \u00e9 o segundo de uma s\u00e9rie analisando o cen\u00e1rio pol\u00edtico-econ\u00f4mico brasileiro de 2026 e os desafios que o governo Lula ter\u00e1 pela frente para se reeleger. Para ler o primeiro, que discute o tema da corrup\u00e7\u00e3o, <\/em><a href=\"https:\/\/www.jota.info\/opiniao-e-analise\/colunas\/democracia-em-transe\/os-desafios-do-governo-lula-nas-eleicoes-banco-master\"><em>clique aqui.<\/em><\/a><\/p>","protected":false},"excerpt":{"rendered":"<p>A seguran\u00e7a p\u00fablica costuma ser, de maneira geral, um dos calcanhares de Aquiles da esquerda. N\u00e3o porque esse espectro ideol\u00f3gico n\u00e3o tenha propostas de pol\u00edticas p\u00fablicas para essa \u00e1rea, embora pouco tenha sido apresentado nesse sentido nos \u00faltimos anos, mas justamente por esse campo compreender que a viol\u00eancia e o crime s\u00e3o problemas sist\u00eamicos, complexos, [&hellip;]<\/p>\n","protected":false},"author":0,"featured_media":0,"comment_status":"open","ping_status":"open","sticky":false,"template":"","format":"standard","meta":[],"categories":[1],"tags":[],"_links":{"self":[{"href":"https:\/\/aprimora.site\/carvalhoalmeidaadvogados\/wp-json\/wp\/v2\/posts\/22369"}],"collection":[{"href":"https:\/\/aprimora.site\/carvalhoalmeidaadvogados\/wp-json\/wp\/v2\/posts"}],"about":[{"href":"https:\/\/aprimora.site\/carvalhoalmeidaadvogados\/wp-json\/wp\/v2\/types\/post"}],"replies":[{"embeddable":true,"href":"https:\/\/aprimora.site\/carvalhoalmeidaadvogados\/wp-json\/wp\/v2\/comments?post=22369"}],"version-history":[{"count":0,"href":"https:\/\/aprimora.site\/carvalhoalmeidaadvogados\/wp-json\/wp\/v2\/posts\/22369\/revisions"}],"wp:attachment":[{"href":"https:\/\/aprimora.site\/carvalhoalmeidaadvogados\/wp-json\/wp\/v2\/media?parent=22369"}],"wp:term":[{"taxonomy":"category","embeddable":true,"href":"https:\/\/aprimora.site\/carvalhoalmeidaadvogados\/wp-json\/wp\/v2\/categories?post=22369"},{"taxonomy":"post_tag","embeddable":true,"href":"https:\/\/aprimora.site\/carvalhoalmeidaadvogados\/wp-json\/wp\/v2\/tags?post=22369"}],"curies":[{"name":"wp","href":"https:\/\/api.w.org\/{rel}","templated":true}]}}