{"id":22363,"date":"2026-04-27T16:38:51","date_gmt":"2026-04-27T19:38:51","guid":{"rendered":"https:\/\/aprimora.site\/carvalhoalmeidaadvogados\/?p=22363"},"modified":"2026-04-27T16:38:51","modified_gmt":"2026-04-27T19:38:51","slug":"trt-15-tem-projeto-reconhecido-pelo-cnj-e-passa-a-integrar-portal-de-boas-praticas-do-judiciario","status":"publish","type":"post","link":"https:\/\/aprimora.site\/carvalhoalmeidaadvogados\/2026\/04\/27\/trt-15-tem-projeto-reconhecido-pelo-cnj-e-passa-a-integrar-portal-de-boas-praticas-do-judiciario\/","title":{"rendered":"TRT-15 tem projeto reconhecido pelo CNJ e passa a integrar Portal de Boas Pr\u00e1ticas do Judici\u00e1rio"},"content":{"rendered":"<p><span>TRT-15 tem projeto reconhecido pelo CNJ e passa a integrar Portal de Boas Pr\u00e1ticas do Judici\u00e1rio<\/span><\/p>\n<div>  <a href=\"https:\/\/trt15.jus.br\/noticia\/2026\/trt-15-tem-projeto-reconhecido-pelo-cnj-e-passa-integrar-portal-de-boas-praticas-do\"><\/a>\n<\/div>\n<p><span><span>nelipimenta<\/span><\/span><\/p>\n<p><span>Seg, 27\/04\/2026 &#8211; 13:38<\/span><\/p>\n<div>\n<div>TRT-15 tem projeto reconhecido pelo CNJ e passa a integrar Portal de Boas Pr\u00e1ticas do Judici\u00e1rio<\/div>\n<\/div>\n<div>\n<div class=\"visually-hidden\">Conte\u00fado da Not\u00edcia<\/div>\n<div>\n<p>O Tribunal Regional do Trabalho da 15\u00aa Regi\u00e3o (TRT-15) teve aprovado, pelo Conselho Nacional de Justi\u00e7a, o projeto \u201cNova ata de correi\u00e7\u00e3o acess\u00edvel\u201d, que passar\u00e1 a integrar o Portal CNJ de Boas Pr\u00e1ticas do Poder Judici\u00e1rio. A iniciativa, vinculada ao eixo da acessibilidade, prop\u00f5e uma mudan\u00e7a na forma de apresenta\u00e7\u00e3o das atas de correi\u00e7\u00e3o, com uso de linguagem simples e recursos visuais que facilitam a compreens\u00e3o.<\/p>\n<p>O novo modelo transforma um documento tradicionalmente t\u00e9cnico e extenso em um material mais claro e inclusivo, com infogr\u00e1ficos, fluxogramas e elementos gr\u00e1ficos que permitem melhor leitura por magistrados, servidores e pelo p\u00fablico em geral. A proposta tamb\u00e9m amplia a transpar\u00eancia e fortalece o acompanhamento dos resultados das unidades judici\u00e1rias.<\/p>\n<p>Implantada a partir de 2019 e aprimorada ao longo dos ciclos de correi\u00e7\u00e3o, a iniciativa passou a priorizar, desde 2023, aspectos de acessibilidade, incluindo n\u00e3o apenas pessoas com defici\u00eancia, mas tamb\u00e9m cidad\u00e3os sem forma\u00e7\u00e3o jur\u00eddica. A constru\u00e7\u00e3o do modelo contou com a participa\u00e7\u00e3o colaborativa da equipe da Corregedoria Regional.<\/p>\n<p>Para o corregedor regional do TRT-15, desembargador Renan Ravel Rodrigues Fagundes, a mudan\u00e7a representa um avan\u00e7o na comunica\u00e7\u00e3o institucional. \u201cA ata de correi\u00e7\u00e3o deixa de ser um documento restrito ao p\u00fablico t\u00e9cnico e passa a dialogar com a sociedade. Ao adotar linguagem simples e recursos visuais, ampliamos o acesso \u00e0 informa\u00e7\u00e3o e fortalecemos a transpar\u00eancia\u201d, destacou.<\/p>\n<p>Sem gerar custos adicionais, a pr\u00e1tica utiliza recursos j\u00e1 dispon\u00edveis no Tribunal e pode ser replicada por outros \u00f3rg\u00e3os do Judici\u00e1rio. A iniciativa tamb\u00e9m est\u00e1 alinhada ao Objetivo de Desenvolvimento Sustent\u00e1vel 16 da Organiza\u00e7\u00e3o das Na\u00e7\u00f5es Unidas, voltado \u00e0 promo\u00e7\u00e3o de institui\u00e7\u00f5es eficazes e inclusivas.<\/p>\n<p>Com a nova ata de correi\u00e7\u00e3o acess\u00edvel, o TRT-15 refor\u00e7a sua atua\u00e7\u00e3o voltada \u00e0 inova\u00e7\u00e3o e \u00e0 aproxima\u00e7\u00e3o com a sociedade, tornando mais compreens\u00edveis as informa\u00e7\u00f5es sobre a fiscaliza\u00e7\u00e3o e o desempenho das unidades da Justi\u00e7a do Trabalho.<\/p>\n<\/div><\/div>\n<div>\n<div>Unidade Respons\u00e1vel:<\/div>\n<div>Comunica\u00e7\u00e3o Social<\/div>\n<\/div>\n<div>Seg, 27\/04\/2026 &#8211; 13:38<\/div>\n<p>      <span class=\"a2a_kit a2a_kit_size_16 addtoany_list\"><a class=\"a2a_dd addtoany_share\" href=\"https:\/\/www.addtoany.com\/share#url=https%3A%2F%2Ftrt15.jus.br%2Fnoticia%2F2026%2Ftrt-15-tem-projeto-reconhecido-pelo-cnj-e-passa-integrar-portal-de-boas-praticas-do&amp;title=TRT-15%20tem%20projeto%20reconhecido%20pelo%20CNJ%20e%20passa%20a%20integrar%20Portal%20de%20Boas%20Pr%C3%A1ticas%20do%20Judici%C3%A1rio\"><\/a><a class=\"a2a_button_whatsapp\"><\/a><a class=\"a2a_button_google_gmail\"><\/a><a class=\"a2a_button_twitter\"><\/a><a class=\"a2a_button_facebook\"><\/a><a class=\"a2a_button_linkedin\"><\/a><\/span><\/p>","protected":false},"excerpt":{"rendered":"<p>TRT-15 tem projeto reconhecido pelo CNJ e passa a integrar Portal de Boas Pr\u00e1ticas do Judici\u00e1rio nelipimenta Seg, 27\/04\/2026 &#8211; 13:38 TRT-15 tem projeto reconhecido pelo CNJ e passa a integrar Portal de Boas Pr\u00e1ticas do Judici\u00e1rio Conte\u00fado da Not\u00edcia O Tribunal Regional do Trabalho da 15\u00aa Regi\u00e3o (TRT-15) teve aprovado, pelo Conselho Nacional de [&hellip;]<\/p>\n","protected":false},"author":0,"featured_media":22364,"comment_status":"open","ping_status":"open","sticky":false,"template":"","format":"standard","meta":[],"categories":[1],"tags":[],"_links":{"self":[{"href":"https:\/\/aprimora.site\/carvalhoalmeidaadvogados\/wp-json\/wp\/v2\/posts\/22363"}],"collection":[{"href":"https:\/\/aprimora.site\/carvalhoalmeidaadvogados\/wp-json\/wp\/v2\/posts"}],"about":[{"href":"https:\/\/aprimora.site\/carvalhoalmeidaadvogados\/wp-json\/wp\/v2\/types\/post"}],"replies":[{"embeddable":true,"href":"https:\/\/aprimora.site\/carvalhoalmeidaadvogados\/wp-json\/wp\/v2\/comments?post=22363"}],"version-history":[{"count":0,"href":"https:\/\/aprimora.site\/carvalhoalmeidaadvogados\/wp-json\/wp\/v2\/posts\/22363\/revisions"}],"wp:featuredmedia":[{"embeddable":true,"href":"https:\/\/aprimora.site\/carvalhoalmeidaadvogados\/wp-json\/wp\/v2\/media\/22364"}],"wp:attachment":[{"href":"https:\/\/aprimora.site\/carvalhoalmeidaadvogados\/wp-json\/wp\/v2\/media?parent=22363"}],"wp:term":[{"taxonomy":"category","embeddable":true,"href":"https:\/\/aprimora.site\/carvalhoalmeidaadvogados\/wp-json\/wp\/v2\/categories?post=22363"},{"taxonomy":"post_tag","embeddable":true,"href":"https:\/\/aprimora.site\/carvalhoalmeidaadvogados\/wp-json\/wp\/v2\/tags?post=22363"}],"curies":[{"name":"wp","href":"https:\/\/api.w.org\/{rel}","templated":true}]}}