{"id":22359,"date":"2026-04-27T12:06:37","date_gmt":"2026-04-27T15:06:37","guid":{"rendered":"https:\/\/aprimora.site\/carvalhoalmeidaadvogados\/2026\/04\/27\/aos-22-anos-samu-enfrenta-crise-em-mato-grosso-com-transferencia-de-atendimentos-aos-bombeiros\/"},"modified":"2026-04-27T12:06:37","modified_gmt":"2026-04-27T15:06:37","slug":"aos-22-anos-samu-enfrenta-crise-em-mato-grosso-com-transferencia-de-atendimentos-aos-bombeiros","status":"publish","type":"post","link":"https:\/\/aprimora.site\/carvalhoalmeidaadvogados\/2026\/04\/27\/aos-22-anos-samu-enfrenta-crise-em-mato-grosso-com-transferencia-de-atendimentos-aos-bombeiros\/","title":{"rendered":"Aos 22 anos, Samu enfrenta crise em Mato Grosso com transfer\u00eancia de atendimentos aos bombeiros"},"content":{"rendered":"<p><span>Na semana em que a nacionaliza\u00e7\u00e3o do Servi\u00e7o de Atendimento M\u00f3vel de Urg\u00eancia (Samu) completa 22 anos, o servi\u00e7o passa por uma crise em <a href=\"https:\/\/www.jota.info\/tudo-sobre\/mato-grosso\">Ma<\/a><a href=\"https:\/\/www.jota.info\/tudo-sobre\/mato-grosso\">to Grosso<\/a>: o governo estadual lida com a repercuss\u00e3o de ter desativado sete unidades do Samu na regi\u00e3o da Baixada Cuiabana por v\u00e1rios dias e encerrado o contrato de 56 dos 224 profissionais essenciais que atuavam no servi\u00e7o, entre condutores de ambul\u00e2ncia, enfermeiros e t\u00e9cnicos de enfermagem.\u00a0<\/span><\/p>\n<p><span>Os fechamentos e demiss\u00f5es fazem parte de um movimento do governo do estado para passar atendimentos do Samu para o Corpo de Bombeiros.\u00a0<\/span><\/p>\n<p class=\"jota-cta\"><a href=\"https:\/\/www.jota.info\/produtos\/saude?utm_source=cta-site&amp;utm_medium=site&amp;utm_campaign=campanha_saude_q2&amp;utm_id=cta_texto_saude_q2_2023&amp;utm_term=cta_texto_saude&amp;utm_term=cta_texto_saude_meio_materias\"><span>Com not\u00edcias da Anvisa e da ANS, o <span class=\"jota\">JOTA<\/span> PRO Sa\u00fade entrega previsibilidade e transpar\u00eancia para empresas do setor<\/span><\/a><\/p>\n<p>O governador de Mato Grosso, Otaviano Pivetta (Republicanos), chegou a dizer que o Corpo de Bombeiros iria substituir o Samu, mas, depois da repercuss\u00e3o negativa, voltou atr\u00e1s.<\/p>\n<p>\u201cNosso glorioso Corpo de Bombeiros vai suprir esse importante trabalho do Samu. Com isso a gente vai diminuir custo, simplificar a m\u00e1quina, diminuir a m\u00e1quina. Aonde d\u00e1 a gente vai diminuir\u201d, disse Pivetta em uma entrevista ao Jornal da Capital na semana passada. \u201cEsse \u00e9 um servi\u00e7o essencial, Samu \u00e9 um servi\u00e7o essencial, que a partir daqui quem faz \u00e9 o Corpo de Bombeiros.\u201d<\/p>\n<p>Depois da repercuss\u00e3o negativa, o governo do Estado publicou uma nota afirmando que o fechamento do Samu \u00e9 uma \u201cfake news\u201d e que o servi\u00e7o \u201csegue funcionando em atua\u00e7\u00e3o conjunta com o Corpo de Bombeiros\u201d. O governo tamb\u00e9m reativou as bases do Samu na capital e regi\u00e3o, mas com hor\u00e1rios reduzidos.<\/p>\n<p>Na semana passada, servidores do atendimento de emerg\u00eancia disseram, em depoimento \u00e0 Assembleia Legislativa do estado, que as demiss\u00f5es e fechamentos t\u00eam impactado a qualidade do servi\u00e7o prestado. \u201cDevido aos desligamentos, n\u00e3o conseguimos manter o funcionamento ininterrupto de todas as ambul\u00e2ncias, sejam de suporte b\u00e1sico ou avan\u00e7ado\u201d, disse a enfermeira do Samu Patr\u00edcia Ferreira.<\/p>\n<p>O governador foi cobrado at\u00e9 mesmo por deputados da base do governo. E a oposi\u00e7\u00e3o chamou as mudan\u00e7as de \u201cdesmonte de pol\u00edticas p\u00fablicas\u201d.<\/p>\n<p>\u201cO Samu \u00e9 parte indivis\u00edvel da pol\u00edtica de urg\u00eancia e emerg\u00eancia do SUS. O governo de Mato Grosso est\u00e1 cometendo um erro ao acabar com essa pol\u00edtica de sa\u00fade e transferir a responsabilidade do atendimento pr\u00e9-hospitalar para o Corpo de Bombeiros\u201d, disse o deputado estadual L\u00fadio Cabral (PT) ao <span class=\"jota\">JOTA<\/span>. \u201cOs bombeiros podem atuar de forma complementar, mas n\u00e3o substituir o Samu. Desmontar uma pol\u00edtica p\u00fablica de sa\u00fade t\u00e3o importante como o governo de Mato Grosso est\u00e1 fazendo prejudica muito a popula\u00e7\u00e3o, que fica sem atendimento de urg\u00eancia e emerg\u00eancia.\u201d<\/p>\n<p>O Minist\u00e9rio P\u00fablico Estadual chegou a ser acionado pelo deputado, mas arquivou a demanda por considerar que a decis\u00e3o sobre o funcionamento do servi\u00e7o \u00e9 uma \u201cprerrogativa do governador\u201d.<\/p>\n<p>Fortalecer o Samu nacionalmente tem sido uma das apostas do Minist\u00e9rio da Sa\u00fade de Alexandre Padilha em ano eleitoral. Recentemente o governo federal enviou 10 novas ambul\u00e2ncias para Cuiab\u00e1 e V\u00e1rzea Grande, parte das 789 entregues nacionalmente.<\/p>\n<p>\u201cO Samu recebe recursos federais. O governo estadual vai abrir m\u00e3o desses recursos e das ambul\u00e2ncias?\u201d, questiona Cabral.<\/p>\n<p>Diante da crise no estado, o Minist\u00e9rio da Sa\u00fade enviou uma comiss\u00e3o a Mato Grosso para conversar com a Secretaria de Estado de Sa\u00fade e tentar reverter o quadro. Procurado pelo <span class=\"jota\">JOTA<\/span>, o Minist\u00e9rio diz que vai se pronunciar nesta segunda (27\/4) depois de verificar a situa\u00e7\u00e3o.<\/p>\n<p>Questionado pelo <span class=\"jota\">JOTA<\/span>, o governo do Estado n\u00e3o explicou o motivo das mudan\u00e7as nem se vai haver transfer\u00eancias de recursos destinados ao Samu para o Corpo de Bombeiros.<\/p>\n<p>Na Assembleia Legislativa, o secret\u00e1rio de Estado de Sa\u00fade, Juliano Silva Melo, disse que o objetivo do que o governo tem chamado de \u201cintegra\u00e7\u00e3o do Samu com os bombeiros\u201d \u00e9 ampliar a cobertura e melhorar o atendimento.<\/p>\n<h2>Nacionaliza\u00e7\u00e3o<\/h2>\n<p>O decreto que institucionalizou a nacionaliza\u00e7\u00e3o do Samu foi assinado por Lula em 2004, e completa 22 anos nesta segunda-feira (27\/4).<\/p>\n<p>Antes disso, o servi\u00e7o de atendimento de emerg\u00eancia funcionava de forma fragmentada nos munic\u00edpios, por meio de parcerias isoladas com o Corpo de Bombeiros ou com sistemas estaduais.<\/p>\n<p>O custo do servi\u00e7o reca\u00eda quase exclusivamente sobre os munic\u00edpios. Com a nacionaliza\u00e7\u00e3o do servi\u00e7o, foi criado um modelo tripartite de financiamento, com a Uni\u00e3o se responsabilizando pela aquisi\u00e7\u00e3o inicial das ambul\u00e2ncias e custeio de cerca de 50% da manuten\u00e7\u00e3o mensal. Os estados passaram a fazer parte do financiamento (cerca de 25%) e a fazer a coordena\u00e7\u00e3o regional. Os munic\u00edpios continuaram respons\u00e1veis pela gest\u00e3o direta e pelo restante do custo.<\/p>\n<p class=\"jota-cta\"><a href=\"https:\/\/whatsapp.com\/channel\/0029VaFvFd73rZZflK7yGD0I\">Inscreva-se no canal de not\u00edcias do <span class=\"jota\">JOTA<\/span> no WhatsApp e fique por dentro das principais discuss\u00f5es do pa\u00eds!<\/a><\/p>\n<p><span>A nacionaliza\u00e7\u00e3o tamb\u00e9m disponibilizou o n\u00famero 192 nacionalmente para o servi\u00e7o e permitiu a cria\u00e7\u00e3o de cons\u00f3rcios intermunicipais. Com isso, cidades pequenas que n\u00e3o teriam or\u00e7amento para manter um bom servi\u00e7o m\u00f3vel passaram a atuar a partir de uma central regional.\u00a0<\/span><\/p>\n<p><span>Isso ajudou a mudar o modelo de uma pr\u00e1tica de apenas transportar o paciente sem suporte t\u00e9cnico para uma na qual o tratamento pr\u00e9-hospitalar come\u00e7a assim que o servi\u00e7o chega e funciona durante o transporte, de acordo com um<\/span><a href=\"https:\/\/revistas.usp.br\/rsp\/pt_BR\/article\/view\/32984\/35605\"><span> estudo das pesquisadoras<\/span><\/a><span> Cristiani Machado e Gisele O\u2019Dwyer, da Fiocruz, e Fernanda Salvador, da UFRJ.\u00a0\u00a0<\/span><\/p>\n<p><a href=\"https:\/\/www.scielo.br\/j\/csc\/a\/jgvMX9fTrgtTkNB9Tv5j7gF\/abstract\/?lang=pt\"><span>Outras pesquisas<\/span><\/a><span> tamb\u00e9m apontam, no entanto, um problema de gargalo devido a um \u201cvazio assistencial\u201d. Em estados como o Rio de Janeiro, por exemplo, o atendimento \u00e9 prejudicado pela falta de leitos dispon\u00edveis nos hospitais de destino, o que as pesquisadoras chamam de\u00a0 \u201creten\u00e7\u00e3o de maca\u201d \u2014 algo que o decreto de 2004 n\u00e3o tinha o poder de resolver isoladamente.\u00a0<\/span><\/p>","protected":false},"excerpt":{"rendered":"<p>Na semana em que a nacionaliza\u00e7\u00e3o do Servi\u00e7o de Atendimento M\u00f3vel de Urg\u00eancia (Samu) completa 22 anos, o servi\u00e7o passa por uma crise em Mato Grosso: o governo estadual lida com a repercuss\u00e3o de ter desativado sete unidades do Samu na regi\u00e3o da Baixada Cuiabana por v\u00e1rios dias e encerrado o contrato de 56 dos [&hellip;]<\/p>\n","protected":false},"author":0,"featured_media":0,"comment_status":"open","ping_status":"open","sticky":false,"template":"","format":"standard","meta":[],"categories":[1],"tags":[],"_links":{"self":[{"href":"https:\/\/aprimora.site\/carvalhoalmeidaadvogados\/wp-json\/wp\/v2\/posts\/22359"}],"collection":[{"href":"https:\/\/aprimora.site\/carvalhoalmeidaadvogados\/wp-json\/wp\/v2\/posts"}],"about":[{"href":"https:\/\/aprimora.site\/carvalhoalmeidaadvogados\/wp-json\/wp\/v2\/types\/post"}],"replies":[{"embeddable":true,"href":"https:\/\/aprimora.site\/carvalhoalmeidaadvogados\/wp-json\/wp\/v2\/comments?post=22359"}],"version-history":[{"count":0,"href":"https:\/\/aprimora.site\/carvalhoalmeidaadvogados\/wp-json\/wp\/v2\/posts\/22359\/revisions"}],"wp:attachment":[{"href":"https:\/\/aprimora.site\/carvalhoalmeidaadvogados\/wp-json\/wp\/v2\/media?parent=22359"}],"wp:term":[{"taxonomy":"category","embeddable":true,"href":"https:\/\/aprimora.site\/carvalhoalmeidaadvogados\/wp-json\/wp\/v2\/categories?post=22359"},{"taxonomy":"post_tag","embeddable":true,"href":"https:\/\/aprimora.site\/carvalhoalmeidaadvogados\/wp-json\/wp\/v2\/tags?post=22359"}],"curies":[{"name":"wp","href":"https:\/\/api.w.org\/{rel}","templated":true}]}}