{"id":22356,"date":"2026-04-27T11:05:06","date_gmt":"2026-04-27T14:05:06","guid":{"rendered":"https:\/\/aprimora.site\/carvalhoalmeidaadvogados\/2026\/04\/27\/informativo-traz-direito-a-remocao-de-servidor-por-motivo-de-saude-e-identificacao-de-conteudo-ilicito-na-internet\/"},"modified":"2026-04-27T11:05:06","modified_gmt":"2026-04-27T14:05:06","slug":"informativo-traz-direito-a-remocao-de-servidor-por-motivo-de-saude-e-identificacao-de-conteudo-ilicito-na-internet","status":"publish","type":"post","link":"https:\/\/aprimora.site\/carvalhoalmeidaadvogados\/2026\/04\/27\/informativo-traz-direito-a-remocao-de-servidor-por-motivo-de-saude-e-identificacao-de-conteudo-ilicito-na-internet\/","title":{"rendered":"Informativo traz direito \u00e0 remo\u00e7\u00e3o de servidor por motivo de sa\u00fade e identifica\u00e7\u00e3o de conte\u00fado il\u00edcito na internet"},"content":{"rendered":"<p>Informativo traz direito \u00e0 remo\u00e7\u00e3o de servidor por motivo de sa\u00fade e identifica\u00e7\u00e3o de conte\u00fado il\u00edcito na internet<\/p>","protected":false},"excerpt":{"rendered":"<p>Informativo traz direito \u00e0 remo\u00e7\u00e3o de servidor por motivo de sa\u00fade e identifica\u00e7\u00e3o de conte\u00fado il\u00edcito na internet<\/p>\n","protected":false},"author":0,"featured_media":0,"comment_status":"open","ping_status":"open","sticky":false,"template":"","format":"standard","meta":[],"categories":[1],"tags":[],"_links":{"self":[{"href":"https:\/\/aprimora.site\/carvalhoalmeidaadvogados\/wp-json\/wp\/v2\/posts\/22356"}],"collection":[{"href":"https:\/\/aprimora.site\/carvalhoalmeidaadvogados\/wp-json\/wp\/v2\/posts"}],"about":[{"href":"https:\/\/aprimora.site\/carvalhoalmeidaadvogados\/wp-json\/wp\/v2\/types\/post"}],"replies":[{"embeddable":true,"href":"https:\/\/aprimora.site\/carvalhoalmeidaadvogados\/wp-json\/wp\/v2\/comments?post=22356"}],"version-history":[{"count":0,"href":"https:\/\/aprimora.site\/carvalhoalmeidaadvogados\/wp-json\/wp\/v2\/posts\/22356\/revisions"}],"wp:attachment":[{"href":"https:\/\/aprimora.site\/carvalhoalmeidaadvogados\/wp-json\/wp\/v2\/media?parent=22356"}],"wp:term":[{"taxonomy":"category","embeddable":true,"href":"https:\/\/aprimora.site\/carvalhoalmeidaadvogados\/wp-json\/wp\/v2\/categories?post=22356"},{"taxonomy":"post_tag","embeddable":true,"href":"https:\/\/aprimora.site\/carvalhoalmeidaadvogados\/wp-json\/wp\/v2\/tags?post=22356"}],"curies":[{"name":"wp","href":"https:\/\/api.w.org\/{rel}","templated":true}]}}