{"id":22354,"date":"2026-04-27T09:24:04","date_gmt":"2026-04-27T12:24:04","guid":{"rendered":"https:\/\/aprimora.site\/carvalhoalmeidaadvogados\/2026\/04\/27\/telas-e-extratos-eletronicos-da-fazenda-publica-sao-provas-validas-para-fins-de-interrupcao-da-prescricao\/"},"modified":"2026-04-27T09:24:04","modified_gmt":"2026-04-27T12:24:04","slug":"telas-e-extratos-eletronicos-da-fazenda-publica-sao-provas-validas-para-fins-de-interrupcao-da-prescricao","status":"publish","type":"post","link":"https:\/\/aprimora.site\/carvalhoalmeidaadvogados\/2026\/04\/27\/telas-e-extratos-eletronicos-da-fazenda-publica-sao-provas-validas-para-fins-de-interrupcao-da-prescricao\/","title":{"rendered":"Telas e extratos eletr\u00f4nicos da Fazenda P\u00fablica s\u00e3o provas v\u00e1lidas para fins de interrup\u00e7\u00e3o da prescri\u00e7\u00e3o"},"content":{"rendered":"<p>Telas e extratos eletr\u00f4nicos da Fazenda P\u00fablica s\u00e3o provas v\u00e1lidas para fins de interrup\u00e7\u00e3o da prescri\u00e7\u00e3o<\/p>","protected":false},"excerpt":{"rendered":"<p>Telas e extratos eletr\u00f4nicos da Fazenda P\u00fablica s\u00e3o provas v\u00e1lidas para fins de interrup\u00e7\u00e3o da prescri\u00e7\u00e3o<\/p>\n","protected":false},"author":0,"featured_media":0,"comment_status":"open","ping_status":"open","sticky":false,"template":"","format":"standard","meta":[],"categories":[1],"tags":[],"_links":{"self":[{"href":"https:\/\/aprimora.site\/carvalhoalmeidaadvogados\/wp-json\/wp\/v2\/posts\/22354"}],"collection":[{"href":"https:\/\/aprimora.site\/carvalhoalmeidaadvogados\/wp-json\/wp\/v2\/posts"}],"about":[{"href":"https:\/\/aprimora.site\/carvalhoalmeidaadvogados\/wp-json\/wp\/v2\/types\/post"}],"replies":[{"embeddable":true,"href":"https:\/\/aprimora.site\/carvalhoalmeidaadvogados\/wp-json\/wp\/v2\/comments?post=22354"}],"version-history":[{"count":0,"href":"https:\/\/aprimora.site\/carvalhoalmeidaadvogados\/wp-json\/wp\/v2\/posts\/22354\/revisions"}],"wp:attachment":[{"href":"https:\/\/aprimora.site\/carvalhoalmeidaadvogados\/wp-json\/wp\/v2\/media?parent=22354"}],"wp:term":[{"taxonomy":"category","embeddable":true,"href":"https:\/\/aprimora.site\/carvalhoalmeidaadvogados\/wp-json\/wp\/v2\/categories?post=22354"},{"taxonomy":"post_tag","embeddable":true,"href":"https:\/\/aprimora.site\/carvalhoalmeidaadvogados\/wp-json\/wp\/v2\/tags?post=22354"}],"curies":[{"name":"wp","href":"https:\/\/api.w.org\/{rel}","templated":true}]}}