{"id":22353,"date":"2026-04-27T09:24:04","date_gmt":"2026-04-27T12:24:04","guid":{"rendered":"https:\/\/aprimora.site\/carvalhoalmeidaadvogados\/2026\/04\/27\/repetitivo-discute-se-inatividade-ou-queda-de-faturamento-autorizam-gratuidade-de-justica-para-pessoa-juridica\/"},"modified":"2026-04-27T09:24:04","modified_gmt":"2026-04-27T12:24:04","slug":"repetitivo-discute-se-inatividade-ou-queda-de-faturamento-autorizam-gratuidade-de-justica-para-pessoa-juridica","status":"publish","type":"post","link":"https:\/\/aprimora.site\/carvalhoalmeidaadvogados\/2026\/04\/27\/repetitivo-discute-se-inatividade-ou-queda-de-faturamento-autorizam-gratuidade-de-justica-para-pessoa-juridica\/","title":{"rendered":"Repetitivo discute se inatividade ou queda de faturamento autorizam gratuidade de justi\u00e7a para pessoa jur\u00eddica"},"content":{"rendered":"<p>Repetitivo discute se inatividade ou queda de faturamento autorizam gratuidade de justi\u00e7a para pessoa jur\u00eddica<\/p>","protected":false},"excerpt":{"rendered":"<p>Repetitivo discute se inatividade ou queda de faturamento autorizam gratuidade de justi\u00e7a para pessoa jur\u00eddica<\/p>\n","protected":false},"author":0,"featured_media":0,"comment_status":"open","ping_status":"open","sticky":false,"template":"","format":"standard","meta":[],"categories":[1],"tags":[],"_links":{"self":[{"href":"https:\/\/aprimora.site\/carvalhoalmeidaadvogados\/wp-json\/wp\/v2\/posts\/22353"}],"collection":[{"href":"https:\/\/aprimora.site\/carvalhoalmeidaadvogados\/wp-json\/wp\/v2\/posts"}],"about":[{"href":"https:\/\/aprimora.site\/carvalhoalmeidaadvogados\/wp-json\/wp\/v2\/types\/post"}],"replies":[{"embeddable":true,"href":"https:\/\/aprimora.site\/carvalhoalmeidaadvogados\/wp-json\/wp\/v2\/comments?post=22353"}],"version-history":[{"count":0,"href":"https:\/\/aprimora.site\/carvalhoalmeidaadvogados\/wp-json\/wp\/v2\/posts\/22353\/revisions"}],"wp:attachment":[{"href":"https:\/\/aprimora.site\/carvalhoalmeidaadvogados\/wp-json\/wp\/v2\/media?parent=22353"}],"wp:term":[{"taxonomy":"category","embeddable":true,"href":"https:\/\/aprimora.site\/carvalhoalmeidaadvogados\/wp-json\/wp\/v2\/categories?post=22353"},{"taxonomy":"post_tag","embeddable":true,"href":"https:\/\/aprimora.site\/carvalhoalmeidaadvogados\/wp-json\/wp\/v2\/tags?post=22353"}],"curies":[{"name":"wp","href":"https:\/\/api.w.org\/{rel}","templated":true}]}}