{"id":22352,"date":"2026-04-27T09:24:04","date_gmt":"2026-04-27T12:24:04","guid":{"rendered":"https:\/\/aprimora.site\/carvalhoalmeidaadvogados\/2026\/04\/27\/preclusao-do-pedido-de-reavaliacao-de-bem-penhorado-e-destaque-na-pesquisa-pronta\/"},"modified":"2026-04-27T09:24:04","modified_gmt":"2026-04-27T12:24:04","slug":"preclusao-do-pedido-de-reavaliacao-de-bem-penhorado-e-destaque-na-pesquisa-pronta","status":"publish","type":"post","link":"https:\/\/aprimora.site\/carvalhoalmeidaadvogados\/2026\/04\/27\/preclusao-do-pedido-de-reavaliacao-de-bem-penhorado-e-destaque-na-pesquisa-pronta\/","title":{"rendered":"Preclus\u00e3o do pedido de reavalia\u00e7\u00e3o de bem penhorado \u00e9 destaque na Pesquisa Pronta"},"content":{"rendered":"<p>Preclus\u00e3o do pedido de reavalia\u00e7\u00e3o de bem penhorado \u00e9 destaque na Pesquisa Pronta<\/p>","protected":false},"excerpt":{"rendered":"<p>Preclus\u00e3o do pedido de reavalia\u00e7\u00e3o de bem penhorado \u00e9 destaque na Pesquisa Pronta<\/p>\n","protected":false},"author":0,"featured_media":0,"comment_status":"open","ping_status":"open","sticky":false,"template":"","format":"standard","meta":[],"categories":[1],"tags":[],"_links":{"self":[{"href":"https:\/\/aprimora.site\/carvalhoalmeidaadvogados\/wp-json\/wp\/v2\/posts\/22352"}],"collection":[{"href":"https:\/\/aprimora.site\/carvalhoalmeidaadvogados\/wp-json\/wp\/v2\/posts"}],"about":[{"href":"https:\/\/aprimora.site\/carvalhoalmeidaadvogados\/wp-json\/wp\/v2\/types\/post"}],"replies":[{"embeddable":true,"href":"https:\/\/aprimora.site\/carvalhoalmeidaadvogados\/wp-json\/wp\/v2\/comments?post=22352"}],"version-history":[{"count":0,"href":"https:\/\/aprimora.site\/carvalhoalmeidaadvogados\/wp-json\/wp\/v2\/posts\/22352\/revisions"}],"wp:attachment":[{"href":"https:\/\/aprimora.site\/carvalhoalmeidaadvogados\/wp-json\/wp\/v2\/media?parent=22352"}],"wp:term":[{"taxonomy":"category","embeddable":true,"href":"https:\/\/aprimora.site\/carvalhoalmeidaadvogados\/wp-json\/wp\/v2\/categories?post=22352"},{"taxonomy":"post_tag","embeddable":true,"href":"https:\/\/aprimora.site\/carvalhoalmeidaadvogados\/wp-json\/wp\/v2\/tags?post=22352"}],"curies":[{"name":"wp","href":"https:\/\/api.w.org\/{rel}","templated":true}]}}