{"id":22351,"date":"2026-04-27T09:24:04","date_gmt":"2026-04-27T12:24:04","guid":{"rendered":"https:\/\/aprimora.site\/carvalhoalmeidaadvogados\/2026\/04\/27\/biblioteca-do-stj-sera-reinaugurada-no-proximo-dia-5-com-exposicao-de-obras\/"},"modified":"2026-04-27T09:24:04","modified_gmt":"2026-04-27T12:24:04","slug":"biblioteca-do-stj-sera-reinaugurada-no-proximo-dia-5-com-exposicao-de-obras","status":"publish","type":"post","link":"https:\/\/aprimora.site\/carvalhoalmeidaadvogados\/2026\/04\/27\/biblioteca-do-stj-sera-reinaugurada-no-proximo-dia-5-com-exposicao-de-obras\/","title":{"rendered":"Biblioteca do STJ ser\u00e1 reinaugurada no pr\u00f3ximo dia 5 com exposi\u00e7\u00e3o de obras"},"content":{"rendered":"<p>Reforma melhorou condi\u00e7\u00f5es de<br \/>\nestudo e acessibilidade<\/p>","protected":false},"excerpt":{"rendered":"<p>Reforma melhorou condi\u00e7\u00f5es de estudo e acessibilidade<\/p>\n","protected":false},"author":0,"featured_media":0,"comment_status":"open","ping_status":"open","sticky":false,"template":"","format":"standard","meta":[],"categories":[1],"tags":[],"_links":{"self":[{"href":"https:\/\/aprimora.site\/carvalhoalmeidaadvogados\/wp-json\/wp\/v2\/posts\/22351"}],"collection":[{"href":"https:\/\/aprimora.site\/carvalhoalmeidaadvogados\/wp-json\/wp\/v2\/posts"}],"about":[{"href":"https:\/\/aprimora.site\/carvalhoalmeidaadvogados\/wp-json\/wp\/v2\/types\/post"}],"replies":[{"embeddable":true,"href":"https:\/\/aprimora.site\/carvalhoalmeidaadvogados\/wp-json\/wp\/v2\/comments?post=22351"}],"version-history":[{"count":0,"href":"https:\/\/aprimora.site\/carvalhoalmeidaadvogados\/wp-json\/wp\/v2\/posts\/22351\/revisions"}],"wp:attachment":[{"href":"https:\/\/aprimora.site\/carvalhoalmeidaadvogados\/wp-json\/wp\/v2\/media?parent=22351"}],"wp:term":[{"taxonomy":"category","embeddable":true,"href":"https:\/\/aprimora.site\/carvalhoalmeidaadvogados\/wp-json\/wp\/v2\/categories?post=22351"},{"taxonomy":"post_tag","embeddable":true,"href":"https:\/\/aprimora.site\/carvalhoalmeidaadvogados\/wp-json\/wp\/v2\/tags?post=22351"}],"curies":[{"name":"wp","href":"https:\/\/api.w.org\/{rel}","templated":true}]}}