{"id":22348,"date":"2026-04-27T09:24:03","date_gmt":"2026-04-27T12:24:03","guid":{"rendered":"https:\/\/aprimora.site\/carvalhoalmeidaadvogados\/2026\/04\/27\/btg-nexus-lula-e-flavio-bolsonaro-se-mantem-na-lideranca-no-pleito-presidencial-caiado-e-zema-patinam\/"},"modified":"2026-04-27T09:24:03","modified_gmt":"2026-04-27T12:24:03","slug":"btg-nexus-lula-e-flavio-bolsonaro-se-mantem-na-lideranca-no-pleito-presidencial-caiado-e-zema-patinam","status":"publish","type":"post","link":"https:\/\/aprimora.site\/carvalhoalmeidaadvogados\/2026\/04\/27\/btg-nexus-lula-e-flavio-bolsonaro-se-mantem-na-lideranca-no-pleito-presidencial-caiado-e-zema-patinam\/","title":{"rendered":"BTG\/Nexus: Lula e Fl\u00e1vio Bolsonaro se mant\u00eam na lideran\u00e7a no pleito presidencial; Caiado e Zema patinam"},"content":{"rendered":"<p>A segunda rodada da pesquisa BTG\/Nexus deste ciclo eleitoral mostra que, no primeiro turno estimulado, o presidente Lula (PT) permanece est\u00e1vel com 41%, enquanto Fl\u00e1vio Bolsonaro (PL) oscila de 38% para 36%, dentro da margem de erro.<\/p>\n<p>A \u00fanica varia\u00e7\u00e3o mais vis\u00edvel, ainda que estatisticamente limitada, \u00e9 o crescimento de Renan Santos (Miss\u00e3o), que dobra de 2% para 4%.<\/p>\n<p class=\"jota-cta\"><a href=\"https:\/\/conteudo.jota.info\/marketing-lp-newsletter-ultimas-noticias?utm_source=jota&amp;utm_medium=lp&amp;utm_campaign=23-09-2024-jota-lp-eleicoes-2024-eleicoes-2024-none-audiencias-none&amp;utm_content=eleicoes-2024&amp;utm_term=none&amp;_gl=1*1w9v0h3*_gcl_au*MzExNTMyNzYyLjE3NjY3NTM5MzIuNzMzNjU3NTc4LjE3Njc2MjI0OTQuMTc2NzYyMjQ5NQ..*_ga*NzYyNjA1ODI4LjE2OTA5MDM5MzQ.*_ga_L4XEVW3ZK0*czE3NjgyMjcyMTAkbzk1JGcxJHQxNzY4MjI3MzM4JGo2MCRsMCRoMjE0MTEwODEzMiRkcXRWQjJOcG8ybmF5NzVLUWxuQTlIeDZ0LVRhT2dyUGJQQQ..\">Receba no seu email as principais not\u00edcias sobre as elei\u00e7\u00f5es 2026! \u00c9 gr\u00e1tis!<\/a><\/p>\n<p>O dado refor\u00e7a a leitura de um eleitorado pouco perme\u00e1vel a mudan\u00e7as no curto prazo, com elevada in\u00e9rcia nas prefer\u00eancias e baixa capacidade de tra\u00e7\u00e3o para candidaturas fora do eixo principal.<\/p>\n<p>A estabilidade tamb\u00e9m se reproduz no segundo turno. Lula mant\u00e9m 46%, enquanto Fl\u00e1vio recua marginalmente para 45%, configurando empate t\u00e9cnico. O mesmo ocorre na rejei\u00e7\u00e3o: ambos atingem 48%, indicando n\u00edveis elevados e sim\u00e9tricos de resist\u00eancia eleitoral.<\/p>\n<p>Esse equil\u00edbrio sugere um cen\u00e1rio altamente competitivo, em que ganhos marginais \u2013 e n\u00e3o grandes deslocamentos \u2013 tendem a definir o resultado.<\/p>\n<p>No plano da avalia\u00e7\u00e3o de governo, h\u00e1 uma leve melhora. A aprova\u00e7\u00e3o sobe de 45% para 46%, enquanto a desaprova\u00e7\u00e3o recua de 51% para 49%, reduzindo o saldo negativo de -6 para -3 pontos.<\/p>\n<p class=\"jota-cta\"><a href=\"https:\/\/www.jota.info\/produtos\/poder?utm_source=cta-site&amp;utm_medium=site&amp;utm_campaign=campanha_poder_q2&amp;utm_id=cta_texto_poder_q2_2023&amp;utm_term=cta_texto_poder&amp;utm_term=cta_texto_poder_meio_materias\"><span>Conhe\u00e7a o <span class=\"jota\">JOTA<\/span> PRO Poder, plataforma de monitoramento que oferece transpar\u00eancia e previsibilidade para empresas<\/span><\/a><\/p>\n<p>Apesar disso, o governo segue operando em territ\u00f3rio negativo, o que limita a capacidade de convers\u00e3o direta de aprova\u00e7\u00e3o em inten\u00e7\u00e3o de voto, ainda que sinalize uma interrup\u00e7\u00e3o na tend\u00eancia de deteriora\u00e7\u00e3o.<\/p>\n<p>A pesquisa ouviu 2.028 pessoas entre os dias 24 e 26 de abril em todo o pa\u00eds. A margem de erro \u00e9 de 2 pontos percentuais, com intervalo de confian\u00e7a de 95%.<\/p>\n<p>O levantamento est\u00e1 registrado no TSE sob o n\u00famero BR-01075\/2026.<\/p>","protected":false},"excerpt":{"rendered":"<p>A segunda rodada da pesquisa BTG\/Nexus deste ciclo eleitoral mostra que, no primeiro turno estimulado, o presidente Lula (PT) permanece est\u00e1vel com 41%, enquanto Fl\u00e1vio Bolsonaro (PL) oscila de 38% para 36%, dentro da margem de erro. A \u00fanica varia\u00e7\u00e3o mais vis\u00edvel, ainda que estatisticamente limitada, \u00e9 o crescimento de Renan Santos (Miss\u00e3o), que dobra [&hellip;]<\/p>\n","protected":false},"author":0,"featured_media":0,"comment_status":"open","ping_status":"open","sticky":false,"template":"","format":"standard","meta":[],"categories":[1],"tags":[],"_links":{"self":[{"href":"https:\/\/aprimora.site\/carvalhoalmeidaadvogados\/wp-json\/wp\/v2\/posts\/22348"}],"collection":[{"href":"https:\/\/aprimora.site\/carvalhoalmeidaadvogados\/wp-json\/wp\/v2\/posts"}],"about":[{"href":"https:\/\/aprimora.site\/carvalhoalmeidaadvogados\/wp-json\/wp\/v2\/types\/post"}],"replies":[{"embeddable":true,"href":"https:\/\/aprimora.site\/carvalhoalmeidaadvogados\/wp-json\/wp\/v2\/comments?post=22348"}],"version-history":[{"count":0,"href":"https:\/\/aprimora.site\/carvalhoalmeidaadvogados\/wp-json\/wp\/v2\/posts\/22348\/revisions"}],"wp:attachment":[{"href":"https:\/\/aprimora.site\/carvalhoalmeidaadvogados\/wp-json\/wp\/v2\/media?parent=22348"}],"wp:term":[{"taxonomy":"category","embeddable":true,"href":"https:\/\/aprimora.site\/carvalhoalmeidaadvogados\/wp-json\/wp\/v2\/categories?post=22348"},{"taxonomy":"post_tag","embeddable":true,"href":"https:\/\/aprimora.site\/carvalhoalmeidaadvogados\/wp-json\/wp\/v2\/tags?post=22348"}],"curies":[{"name":"wp","href":"https:\/\/api.w.org\/{rel}","templated":true}]}}