{"id":22344,"date":"2026-04-27T06:05:48","date_gmt":"2026-04-27T09:05:48","guid":{"rendered":"https:\/\/aprimora.site\/carvalhoalmeidaadvogados\/2026\/04\/27\/codigo-de-defesa-do-contribuinte-um-passo-de-maturacao-institucional\/"},"modified":"2026-04-27T06:05:48","modified_gmt":"2026-04-27T09:05:48","slug":"codigo-de-defesa-do-contribuinte-um-passo-de-maturacao-institucional","status":"publish","type":"post","link":"https:\/\/aprimora.site\/carvalhoalmeidaadvogados\/2026\/04\/27\/codigo-de-defesa-do-contribuinte-um-passo-de-maturacao-institucional\/","title":{"rendered":"C\u00f3digo de Defesa do Contribuinte: um passo de matura\u00e7\u00e3o institucional"},"content":{"rendered":"<p><span>A aprova\u00e7\u00e3o da Lei Complementar n\u00ba 225\/2026 foi celebrada como um marco na rela\u00e7\u00e3o entre Fisco e contribuinte. E, de fato, representa um movimento relevante nessa dire\u00e7\u00e3o. Mais do que pela originalidade, o C\u00f3digo de Defesa do Contribuinte se destaca por tornar mais expl\u00edcito, no plano normativo, um padr\u00e3o institucional j\u00e1 reconhecido: o de que administra\u00e7\u00f5es tribut\u00e1rias modernas n\u00e3o se legitimam apenas pela capacidade de arrecadar, mas tamb\u00e9m pela forma como informam, orientam, motivam, revisam e limitam o pr\u00f3prio poder.<\/span><span>[1]<\/span><\/p>\n<p><span>A Emenda Constitucional n\u00ba 132\/2023 j\u00e1 havia apontado nessa dire\u00e7\u00e3o ao inserir, no art. 145, \u00a7 3\u00ba, o princ\u00edpio da coopera\u00e7\u00e3o. Com isso, a coopera\u00e7\u00e3o deixou de ser apenas linguagem de gest\u00e3o e passou a integrar formalmente o vocabul\u00e1rio constitucional do sistema tribut\u00e1rio. A Lei Complementar n\u00ba 225\/2026 surge, nesse contexto, como um passo relevante na tradu\u00e7\u00e3o dessa nova gram\u00e1tica em desenho institucional concreto.<\/span><\/p>\n<h2>O contribuinte como sujeito de direitos<\/h2>\n<p><span>Esse movimento n\u00e3o \u00e9 trivial. Durante muito tempo, o debate tribut\u00e1rio brasileiro operou como se houvesse apenas dois polos: de um lado, a autoridade estatal para exigir, fiscalizar e sancionar; de outro, a resist\u00eancia do contribuinte em sede administrativa ou judicial. O novo C\u00f3digo altera parcialmente essa chave ao refor\u00e7ar que a rela\u00e7\u00e3o tribut\u00e1ria tamb\u00e9m deve ser estruturada por boa-f\u00e9, seguran\u00e7a jur\u00eddica, clareza comunicativa e redu\u00e7\u00e3o da litigiosidade.<\/span><\/p>\n<p class=\"jota-cta\"><a href=\"https:\/\/www.whatsapp.com\/channel\/0029VaDKpye0LKZ7DgvIBP1z\">Inscreva-se no canal de not\u00edcias tribut\u00e1rias do <span class=\"jota\">JOTA<\/span> no WhatsApp e fique por dentro das principais discuss\u00f5es!<\/a><\/p>\n<p><span>Isso insere o debate brasileiro em uma tradi\u00e7\u00e3o institucional mais ampla, na qual a prote\u00e7\u00e3o do contribuinte n\u00e3o \u00e9 tratada como concess\u00e3o graciosa, mas como elemento ordin\u00e1rio de uma administra\u00e7\u00e3o fiscal madura. Nos Estados Unidos, o <\/span><span>Taxpayer Bill of Rights<\/span><span> consolida direitos como informa\u00e7\u00e3o, contesta\u00e7\u00e3o da posi\u00e7\u00e3o do Fisco e recurso a inst\u00e2ncia independente de revis\u00e3o.<\/span><span>[2]<\/span><span> Na Espanha, a <\/span><span>Ley General Tributaria <\/span><span>\u00e9 acompanhada<\/span><span>, <\/span><span>no plano institucional, por um \u00f3rg\u00e3o espec\u00edfico de tutela, o <\/span><span>Consejo para la Defensa del Contribuyente<\/span><span>.<\/span><span>[3]<\/span><span> Na It\u00e1lia, o <\/span><span>Statuto dei diritti del contribuente<\/span><span>, refor\u00e7ado pela reforma italiana de 2023, destaca contradit\u00f3rio, proporcionalidade, confian\u00e7a leg\u00edtima e conten\u00e7\u00e3o do arb\u00edtrio administrativo.<\/span><span>[4]<\/span><\/p>\n<p><span>Em todos esses modelos, a l\u00f3gica \u00e9 semelhante: o contribuinte n\u00e3o \u00e9 apenas destinat\u00e1rio de deveres, mas sujeito de direitos perante da pr\u00f3pria administra\u00e7\u00e3o tribut\u00e1ria. N\u00e3o se trata, portanto, de enfraquecer o Fisco, mas de submet\u00ea-lo a par\u00e2metros mais exigentes de informa\u00e7\u00e3o, coer\u00eancia, revisibilidade e equil\u00edbrio institucional.<\/span><span>[5]<\/span><\/p>\n<h2>O m\u00e9rito do novo C\u00f3digo est\u00e1 na institucionaliza\u00e7\u00e3o de garantias<\/h2>\n<p><span>O principal m\u00e9rito da LC n\u00ba 225\/2026 est\u00e1 em afirmar que a legalidade tribut\u00e1ria contempor\u00e2nea n\u00e3o se resume \u00e0 autoriza\u00e7\u00e3o para exigir tributos, fiscalizar e sancionar. Ela tamb\u00e9m imp\u00f5e \u00e0 administra\u00e7\u00e3o deveres positivos de qualidade institucional: informar com clareza, orientar previamente, reduzir formalismos desnecess\u00e1rios, respeitar a boa-f\u00e9 e atuar de modo coerente e previs\u00edvel.<\/span><span>[6]\u00a0<\/span><\/p>\n<p><span>Esse ponto \u00e9 central porque aproxima o Brasil de uma compreens\u00e3o mais madura da rela\u00e7\u00e3o jur\u00eddico-tribut\u00e1ria. Em vez de tratar a defesa do contribuinte como obst\u00e1culo \u00e0 efici\u00eancia fiscal, o C\u00f3digo a reposiciona como condi\u00e7\u00e3o de legitimidade da pr\u00f3pria atua\u00e7\u00e3o arrecadat\u00f3ria. A prote\u00e7\u00e3o do contribuinte, nessa chave, n\u00e3o enfraquece o Estado, mas qualifica o exerc\u00edcio do poder de tributar, ao submet\u00ea-lo a par\u00e2metros mais exigentes de transpar\u00eancia, inteligibilidade e revisibilidade.<\/span><\/p>\n<p><span>\u00c9 justamente a\u00ed que a nova lei revela um de seus principais valores institucionais. Seu significado n\u00e3o est\u00e1 apenas na reuni\u00e3o, em um \u00fanico diploma, de direitos e garantias j\u00e1 dispersos no sistema, mas na consolida\u00e7\u00e3o normativa da ideia de que o contribuinte deve ser reconhecido como sujeito de direitos tamb\u00e9m no interior da administra\u00e7\u00e3o tribut\u00e1ria.\u00a0<\/span><\/p>\n<p><span>Se esse desenho for levado a s\u00e9rio, o C\u00f3digo poder\u00e1 contribuir para uma mudan\u00e7a relevante de cultura institucional. A rela\u00e7\u00e3o entre Fisco e contribuinte poder\u00e1 deixar de ser compreendida apenas sob a l\u00f3gica da imposi\u00e7\u00e3o e da rea\u00e7\u00e3o, para incorporar, de modo mais consistente, deveres de informa\u00e7\u00e3o, coer\u00eancia administrativa, conten\u00e7\u00e3o do arb\u00edtrio e respeito \u00e0 confian\u00e7a leg\u00edtima. \u00c9 essa, afinal, a marca das experi\u00eancias estrangeiras mais consolidadas na mat\u00e9ria.<\/span><\/p>\n<h2>O ponto mais delicado: o devedor contumaz<\/h2>\n<p><span>A principal tens\u00e3o do novo diploma talvez esteja na inser\u00e7\u00e3o do regime do devedor contumaz dentro de um C\u00f3digo que, ao menos nominalmente, deveria ter voca\u00e7\u00e3o predominantemente garant\u00edstica. Reconhecer que h\u00e1 contribuintes cujo modelo de neg\u00f3cio se organiza em torno da inadimpl\u00eancia reiterada pode ser compreens\u00edvel como pol\u00edtica fiscal. O problema est\u00e1 no lugar sistem\u00e1tico escolhido para essa disciplina \u2014 e nos efeitos que dela decorrem.<\/span><\/p>\n<p><span>A Portaria Conjunta RFB\/PGFN\/MF n\u00ba 6\/2026 refor\u00e7a essa preocupa\u00e7\u00e3o ao detalhar crit\u00e9rios de qualifica\u00e7\u00e3o, procedimento administrativo, publicidade da condi\u00e7\u00e3o e consequ\u00eancias pr\u00e1ticas relevantes. Nesse ponto, o C\u00f3digo deixa de operar apenas como instrumento de prote\u00e7\u00e3o do contribuinte e passa a incorporar mecanismos de restri\u00e7\u00e3o e efeitos indiretos relevantes.<\/span><\/p>\n<p><span>N\u00e3o se trata de negar a necessidade de enfrentar comportamentos tribut\u00e1rios abusivos. A quest\u00e3o \u00e9 outra: at\u00e9 que ponto um diploma voltado \u00e0 defesa do contribuinte pode acomodar, sem perda de coer\u00eancia interna, um regime de forte carga sancionat\u00f3ria e efeitos que ultrapassam a rela\u00e7\u00e3o tribut\u00e1ria em sentido estrito? Essa \u00e9, provavelmente, a parte mais sens\u00edvel da nova lei, e a que exigir\u00e1 maior vigil\u00e2ncia interpretativa.<\/span><\/p>\n<p><span>\u00c9 justamente nesse ponto que a nova gram\u00e1tica constitucional precisar\u00e1 demonstrar coer\u00eancia. Se a prote\u00e7\u00e3o do contribuinte vier acompanhada, ao mesmo tempo, de categorias pouco transparentes, efeitos expansivos e revisibilidade limitada, sua promessa institucional tende a se enfraquecer.\u00a0<\/span><\/p>\n<h2>Menos euforia, mais maturidade institucional<\/h2>\n<p><span>O C\u00f3digo de Defesa do Contribuinte n\u00e3o representa uma ruptura no direito tribut\u00e1rio brasileiro, mas um passo importante no processo de matura\u00e7\u00e3o institucional.\u00a0<\/span><\/p>\n<p class=\"jota-cta\"><a href=\"https:\/\/conteudo.jota.info\/marketing-lp-newsletter-ultimas-noticias?utm_source=jota&amp;utm_medium=lp&amp;utm_campaign=23-09-2024-jota-lp-eleicoes-2024-eleicoes-2024-none-audiencias-none&amp;utm_content=eleicoes-2024&amp;utm_term=none\"><span>Assine gratuitamente a newsletter \u00daltimas Not\u00edcias do <span class=\"jota\">JOTA<\/span> e receba as principais not\u00edcias jur\u00eddicas e pol\u00edticas do dia no seu email<\/span><\/a><\/p>\n<p><span>O Brasil n\u00e3o inaugurou agora a prote\u00e7\u00e3o jur\u00eddica do contribuinte, mas deu um passo relevante na sua consolida\u00e7\u00e3o no centro do arranjo tribut\u00e1rio. O desafio agora n\u00e3o \u00e9 pr\u00e1tico: saber se a administra\u00e7\u00e3o tribut\u00e1ria conseguir\u00e1 transformar essa nova linguagem em orienta\u00e7\u00e3o efetiva, previsibilidade real, motiva\u00e7\u00e3o intelig\u00edvel e conten\u00e7\u00e3o do pr\u00f3prio poder.<\/span><\/p>\n<p><span>Sem prote\u00e7\u00e3o jur\u00eddica do contribuinte, n\u00e3o h\u00e1 rela\u00e7\u00e3o tribut\u00e1ria verdadeiramente moderna. H\u00e1 apenas fiscaliza\u00e7\u00e3o exercida sob nova roupagem.<\/span><\/p>\n<h2>Notas<\/h2>\n<p><span>[1]<\/span><span> OECD.\u00a0Tax Administration 2025: Comparative Information on OECD and Other Advanced and Emerging Economies. <\/span><span>Paris: OECD Publishing<\/span><span>, 2025.<\/span> <span>Dispon\u00edvel em: https:\/\/www.oecd.org\/en\/publications\/2025\/11\/tax-administration-2025_6360fad8.html. Acesso em: 4 abr. 2026.<\/span><\/p>\n<p><span>[2] UNITED STATES. Internal Revenue Service. <\/span><span>Taxpayer Bill of Rights<\/span><span>. Atualizado em 1\u00ba abr. 2026. Washington, DC<\/span><span>. <\/span><span>Dispon\u00edvel em: https:\/\/www.irs.gov\/taxpayer-bill-of-rights. Acesso em: 4 abr. 2026.<\/span><\/p>\n<p><span>[3]<\/span><span> ESPANHA.\u00a0Ley 58\/2003, de 17 de diciembre, General Tributaria.<\/span><span> Bolet\u00edn Oficial del Estado, <\/span><span>Madrid, 18 dez. 2003. Dispon\u00edvel em: https:\/\/www.boe.es\/buscar\/act.php?id=BOE-A-2003-23186. Acesso em: 4 abr. 2026; ESPANHA. Ministerio de Hacienda.\u00a0<\/span><span>Consejo para la Defensa del Contribuyente<\/span><span>. Madrid, [s.d.]. Dispon\u00edvel em: https:\/\/www.hacienda.gob.es\/es-ES\/Areas%20Tematicas\/Impuestos\/Consejo%20Defensa%20Contribuyente\/Paginas\/Consejo%20para%20la%20Defensa%20del%20Contribuyente.aspx. Acesso em: 4 abr. 2026.<\/span><\/p>\n<p><span>[4] IT\u00c1LIA. Legge 27 luglio 2000, n. 212. Disposizioni in materia di statuto dei diritti del contribuente. <\/span><span>Gazzetta Ufficiale della Repubblica Italiana<\/span><span>, Roma, 31 jul. 2000. Dispon\u00edvel em: https:\/\/www.normattiva.it\/uri-res\/N2Ls?urn:nir:stato:legge:2000-07-27;212. Acesso em: 4 abr. 2026; IT\u00c1LIA. Decreto legislativo 30 dicembre 2023, n. 219. Modifiche allo statuto dei diritti del contribuente. Dispon\u00edvel em: https:\/\/www.normattiva.it\/uri-res\/N2Ls?urn:nir:stato:decreto.legislativo:2023-12-30;219=. Acesso em: 4 abr. 2026.<\/span><\/p>\n<p><span>[5]<\/span><span> GOLDSCHMIDT, Fabio Brun; ANDRADE, Leonardo Aguirra de. \u201cPor um princ\u00edpio jur\u00eddico-tribut\u00e1rio da coopera\u00e7\u00e3o\u201d.\u00a0<\/span><span>Revista Direito Tribut\u00e1rio Atual<\/span><span>, n. 53, 2023; OECD.\u00a0<\/span><span>Tax Administration 2025<\/span><span>, cit.<\/span><\/p>\n<p><span>[6] <\/span><span>GRECO, Marco Aur\u00e9lio; ROCHA, Sergio Andr\u00e9. \u201cVetores do Sistema Tribut\u00e1rio Nacional ap\u00f3s a EC n. 132\u201d.\u00a0<\/span><span>Revista Direito Tribut\u00e1rio Atual<\/span><span>, n. 56, 2024; TAPIAS, Camila; ANDRIOTTI, Ilse.\u00a0<\/span><span>Novos princ\u00edpios constitucionais tribut\u00e1rios \u00e0 luz da EC n\u00ba 132\/2023<\/span><span>. IBET, 2025.<\/span><\/p>","protected":false},"excerpt":{"rendered":"<p>A aprova\u00e7\u00e3o da Lei Complementar n\u00ba 225\/2026 foi celebrada como um marco na rela\u00e7\u00e3o entre Fisco e contribuinte. E, de fato, representa um movimento relevante nessa dire\u00e7\u00e3o. Mais do que pela originalidade, o C\u00f3digo de Defesa do Contribuinte se destaca por tornar mais expl\u00edcito, no plano normativo, um padr\u00e3o institucional j\u00e1 reconhecido: o de que [&hellip;]<\/p>\n","protected":false},"author":0,"featured_media":0,"comment_status":"open","ping_status":"open","sticky":false,"template":"","format":"standard","meta":[],"categories":[1],"tags":[],"_links":{"self":[{"href":"https:\/\/aprimora.site\/carvalhoalmeidaadvogados\/wp-json\/wp\/v2\/posts\/22344"}],"collection":[{"href":"https:\/\/aprimora.site\/carvalhoalmeidaadvogados\/wp-json\/wp\/v2\/posts"}],"about":[{"href":"https:\/\/aprimora.site\/carvalhoalmeidaadvogados\/wp-json\/wp\/v2\/types\/post"}],"replies":[{"embeddable":true,"href":"https:\/\/aprimora.site\/carvalhoalmeidaadvogados\/wp-json\/wp\/v2\/comments?post=22344"}],"version-history":[{"count":0,"href":"https:\/\/aprimora.site\/carvalhoalmeidaadvogados\/wp-json\/wp\/v2\/posts\/22344\/revisions"}],"wp:attachment":[{"href":"https:\/\/aprimora.site\/carvalhoalmeidaadvogados\/wp-json\/wp\/v2\/media?parent=22344"}],"wp:term":[{"taxonomy":"category","embeddable":true,"href":"https:\/\/aprimora.site\/carvalhoalmeidaadvogados\/wp-json\/wp\/v2\/categories?post=22344"},{"taxonomy":"post_tag","embeddable":true,"href":"https:\/\/aprimora.site\/carvalhoalmeidaadvogados\/wp-json\/wp\/v2\/tags?post=22344"}],"curies":[{"name":"wp","href":"https:\/\/api.w.org\/{rel}","templated":true}]}}