{"id":22338,"date":"2026-04-27T01:04:36","date_gmt":"2026-04-27T04:04:36","guid":{"rendered":"https:\/\/aprimora.site\/carvalhoalmeidaadvogados\/2026\/04\/27\/uma-guerra-no-caminho-do-esg\/"},"modified":"2026-04-27T01:04:36","modified_gmt":"2026-04-27T04:04:36","slug":"uma-guerra-no-caminho-do-esg","status":"publish","type":"post","link":"https:\/\/aprimora.site\/carvalhoalmeidaadvogados\/2026\/04\/27\/uma-guerra-no-caminho-do-esg\/","title":{"rendered":"Uma guerra no caminho do ESG"},"content":{"rendered":"<p>Mestre Machado de Assis ensinava que \u201cN\u00e3o h\u00e1 mal que n\u00e3o traga um pouco de bem, e por isso \u00e9 que o mal \u00e9 \u00fatil, muitas vezes indispens\u00e1vel\u2026\u201d. \u00c9 poss\u00edvel inserir nessa m\u00e1xima machadiana no conflito Ir\u00e3-EUA, que desencadeou a pior crise do petr\u00f3leo na hist\u00f3ria do mundo, segundo a AIE (Ag\u00eancia Internacional de Energia), levando muitos pa\u00edses a uma situa\u00e7\u00e3o de inseguran\u00e7a energ\u00e9tica?<\/p>\n<p>O petr\u00f3leo, o carv\u00e3o e o g\u00e1s seguem, sem d\u00favida, dominando a matriz energ\u00e9tica global, mas a atual crise dos combust\u00edveis f\u00f3sseis pode colocar em risco a transi\u00e7\u00e3o rumo ao carbono zero? H\u00e1, nesse debate, um paradoxo que merece aten\u00e7\u00e3o. A resposta tende a ser afirmativa quando observamos a retomada do uso do carv\u00e3o \u2014 a mais poluente das fontes f\u00f3sseis \u2014 empregado para compensar a escassez de g\u00e1s natural liquefeito (GNL) em diversos pa\u00edses; al\u00e9m disso, a pr\u00f3pria guerra imp\u00f5e um custo clim\u00e1tico elevad\u00edssimo: foram 5 milh\u00f5es de toneladas de emiss\u00f5es de GEE apenas nas duas primeiras semanas, volume equivalente \u00e0 produ\u00e7\u00e3o de 84 pa\u00edses. Esses n\u00fameros, divulgados pelo Instituto do Clima e Sociedade, j\u00e1 podem ser duplicados, pois o conflito ultrapassou um m\u00eas de dura\u00e7\u00e3o.\u00b9<\/p>\n<p class=\"jota-cta\"><a href=\"https:\/\/www.jota.info\/produtos\/poder?utm_source=cta-site&amp;utm_medium=site&amp;utm_campaign=campanha_poder_q2&amp;utm_id=cta_texto_poder_q2_2023&amp;utm_term=cta_texto_poder&amp;utm_term=cta_texto_poder_meio_materias\"><span>Conhe\u00e7a o <span class=\"jota\">JOTA<\/span> PRO Poder, plataforma de monitoramento que oferece transpar\u00eancia e previsibilidade para empresas<\/span><\/a><\/p>\n<p>Contudo, essa realidade, fomentada pela preocupante falta de petr\u00f3leo e g\u00e1s e\u00a0\u00a0 seus impactos na economia, com aumento de pre\u00e7os, da infla\u00e7\u00e3o e das taxas de juros, pode levar ao incremento da busca pela diversifica\u00e7\u00e3o de fontes de <a href=\"https:\/\/www.jota.info\/energia\">energia<\/a>. A DVN, empresa de auditoria e gest\u00e3o de riscos de Oslo, analisa o conflito do Oriente M\u00e9dio como sendo uma janela de oportunidade para a sustentabilidade: \u201cA regra geral de que o que \u00e9 ruim para os combust\u00edveis f\u00f3sseis \u00e9 bom para as energias renov\u00e1veis \u200b\u200bse aplica. E o conflito no Oriente M\u00e9dio \u00e9 definitivamente ruim para o petr\u00f3leo e o g\u00e1s. Ele est\u00e1 claramente fortalecendo a seguran\u00e7a energ\u00e9tica como uma preocupa\u00e7\u00e3o global primordial, pois exp\u00f4s, mais uma vez, de forma dram\u00e1tica, a vulnerabilidade de muitos pa\u00edses \u00e0 depend\u00eancia do petr\u00f3leo e do g\u00e1s. Mesmo uma \u2018normaliza\u00e7\u00e3o\u2019 precoce da oferta e dos pre\u00e7os do petr\u00f3leo e do g\u00e1s n\u00e3o mudaria essa perspectiva.\u201d \u00b2<\/p>\n<p>Mas o que esse paradoxo tem a ver com o <a href=\"https:\/\/www.jota.info\/tudo-sobre\/esg\">ESG<\/a> (boas pr\u00e1ticas ambientais, sociais e de governan\u00e7a)? O colunista da Bloomberg, Liam Denning,\u00a0 entende que h\u00e1 um novo ESG no horizonte, \u00a0que envolve economia, seguran\u00e7a e geopol\u00edtica, tr\u00eas fatores que devem ser vistos como externalidades, ou seja, riscos que afetam terceiros.\u00b3 Do outro lado do mundo, na Mal\u00e1sia, o \u201cThe Borneo Post\u201d apresenta \u00a0percep\u00e7\u00e3o similar de que a guerra EUA-Ir\u00e3 poder\u00e1 redefinir os pilares ESG , explicitando an\u00e1lise da MBSB Research: \u201cEmpresas com altas pontua\u00e7\u00f5es ESG est\u00e3o apresentando um desempenho superior justamente porque sua efici\u00eancia energ\u00e9tica reduz os custos com combust\u00edvel, suas cadeias de suprimentos diversificadas evitam zonas de guerra e sua transpar\u00eancia em rela\u00e7\u00e3o \u00e0s san\u00e7\u00f5es impede o colapso jur\u00eddico\u201d.4<\/p>\n<p>\u00c0 medida que as empresas passam a tratar a seguran\u00e7a energ\u00e9tica como uma prioridade estrat\u00e9gica, ser\u00e1 inevit\u00e1vel reequilibrar o peso atribu\u00eddo ao pilar Ambiental do ESG, incorporando uma vis\u00e3o mais ampla sobre a origem e a estabilidade das fontes de energia utilizadas. Da mesma forma, o pilar Social ganhar\u00e1 novas camadas de complexidade, exigindo que as organiza\u00e7\u00f5es considerem a geopol\u00edtica que envolve seus profissionais, especialmente aqueles que atuam em regi\u00f5es sujeitas a conflitos . J\u00e1 a Governan\u00e7a, para se manter resiliente, precisar\u00e1 fortalecer de forma consistente suas estruturas de prote\u00e7\u00e3o, ampliando tanto os mecanismos de seguran\u00e7a digital quanto os protocolos de seguran\u00e7a f\u00edsica de suas estruturas.<\/p>\n<p>Neste mundo de incertezas e vulnerabilidade energ\u00e9tica, criou-se a necessidade de caminhar mais rapidamente no sentido das energias limpas (e\u00f3lica, solares, hidrel\u00e9tricas). Se o risco vem por atacado, as solu\u00e7\u00f5es podem vir no varejo. J\u00e1 temos muitos ve\u00edculos el\u00e9tricos transitando. Na China, eles j\u00e1 s\u00e3o 50% da frota nova de ve\u00edculos que chega ao mercado. Em ritmo similar, o Brasil vendeu 220 mil carros el\u00e9tricos no ano passado. Pode parecer pouco frente a uma frota de 124 milh\u00f5es de ve\u00edculos, mas o crescimento foi significativo, de 26%, segundo a Associa\u00e7\u00e3o Brasileira do Ve\u00edculo El\u00e9trico (ABVE). O pa\u00eds j\u00e1 conta com f\u00e1bricas de ve\u00edculos 100% el\u00e9tricos e el\u00e9tricos Plug-in em tr\u00eas Estados: Bahia, S\u00e3o Paulo e Minas Gerais.5<\/p>\n<p class=\"jota-cta\"><a href=\"https:\/\/conteudo.jota.info\/marketing-lp-newsletter-ultimas-noticias?utm_source=jota&amp;utm_medium=lp&amp;utm_campaign=23-09-2024-jota-lp-eleicoes-2024-eleicoes-2024-none-audiencias-none&amp;utm_content=eleicoes-2024&amp;utm_term=none\"><span>Assine gratuitamente a newsletter \u00daltimas Not\u00edcias do <span class=\"jota\">JOTA<\/span> e receba as principais not\u00edcias jur\u00eddicas e pol\u00edticas do dia no seu email<\/span><\/a><\/p>\n<p>Os conflitos no Oriente M\u00e9dio tamb\u00e9m impulsionam a demanda por eletrifica\u00e7\u00e3o em diversos pa\u00edses, inclusive europeus, estimulando a moderniza\u00e7\u00e3o das redes e das baterias de armazenamento de energia. A Comiss\u00e3o Europeia, por exemplo, apresentou este ano uma Comunica\u00e7\u00e3o ao Parlamento, ao Conselho e aos Comit\u00eas Econ\u00f4mico e Social e das Regi\u00f5es sobre a \u201cEstrat\u00e9gia de Investimento em Energia Limpa\u201d, que defende uma transi\u00e7\u00e3o acelerada para a eletrifica\u00e7\u00e3o. A UE calcula que os aportes no setor energ\u00e9tico devem alcan\u00e7ar 660 bilh\u00f5es de euros entre 2026 e 2030, abrangendo oferta (gera\u00e7\u00e3o), demanda (efici\u00eancia energ\u00e9tica) e infraestrutura (redes). Os europeus buscam diversificar as fontes de financiamento para projetos energ\u00e9ticos a fim de garantir a seguran\u00e7a energ\u00e9tica do continente.<\/p>\n<p>Na conclus\u00e3o da Comunica\u00e7\u00e3o, a Comiss\u00e3o recomenda: \u201cInvestir na\u00a0transi\u00e7\u00e3o para energias limpas\u00a0significa investir na nossa seguran\u00e7a, competitividade e sustentabilidade. Esta estrat\u00e9gia e as suas a\u00e7\u00f5es-alvo visam ajudar a mobilizar capital privado institucional em larga escala, partindo do princ\u00edpio de que \u00e9 necess\u00e1rio investimento privado adicional na transi\u00e7\u00e3o para energias limpas para a competitividade, seguran\u00e7a e descarboniza\u00e7\u00e3o da Europa.\u201d6<\/p>\n<p>A Espanha, que vinha apostando fortemente na expans\u00e3o das energias renov\u00e1veis, enfrentou duras cr\u00edticas ap\u00f3s o apag\u00e3o hist\u00f3rico ocorrido no ano passado, que paralisou sistemas de transporte e interrompeu atividades industriais em v\u00e1rias regi\u00f5es do pa\u00eds. Apesar desse epis\u00f3dio, o desempenho espanhol na atual crise energ\u00e9tica vem \u00a0surpreendendo. O pa\u00eds conseguiu mitigar de forma mais eficaz os efeitos da escassez de petr\u00f3leo e demonstrou avan\u00e7os significativos na consolida\u00e7\u00e3o de sua seguran\u00e7a energ\u00e9tica.<\/p>\n<p>Na busca de seguran\u00e7a energ\u00e9tica, o Paquist\u00e3o, pa\u00eds que atua como mediador no conflito entre EUA e Ir\u00e3, registrou um expressivo avan\u00e7o da energia solar fotovoltaica, que vem ajudando a amenizar a crise dos combust\u00edveis f\u00f3sseis. A capacidade de gera\u00e7\u00e3o dos pain\u00e9is instalados nos telhados paquistaneses superou a pot\u00eancia total . \u00c9 quando o varejo ganha status de atacado.O Brasil, por sua vez, totalizou mais de 3,4 milh\u00f5es de sistemas solares de gera\u00e7\u00e3o de energia em 2025, sendo 83% das instala\u00e7\u00f5es em resid\u00eancias e 8% em com\u00e9rcios.<\/p>\n<p>Igualmente, na \u00c1sia, pa\u00edses como a Coreia do Sul, impactados pela crise de energia, porque importa 70% de petr\u00f3leo bruto que transita pelo estreito de Hormuz \u2013 ponto nevr\u00e1lgico do conflito no Oriente M\u00e9dio \u2013 busca respostas a partir do incremento da energia limpa. A Coreia quer crescer no segmento de energia solar e est\u00e1 criando a partir deste ano 500 vilas de renda solar\/ano at\u00e9 alcan\u00e7ar 2.500 em 2030.A implanta\u00e7\u00e3o est\u00e1 vinculada a pol\u00edticas p\u00fablicas para acelerar a transi\u00e7\u00e3o energ\u00e9tica, fixar o homem no campo e criar uma fonte de renda para a comunidade .7<\/p>\n<p>O atual paradoxo energ\u00e9tico que atravessa o cen\u00e1rio global refor\u00e7a, de maneira quase irrefut\u00e1vel, a percep\u00e7\u00e3o formulada por Machado de Assis sobre encontrar algo de bom em meio a uma crise de dimens\u00f5es gigantescas, que pressiona governos e empresas. A agenda ESG, antes centrada sobretudo em m\u00e9tricas ambientais, sociais e de governan\u00e7a corporativa, passa agora a incorporar novas dimens\u00f5es, como seguran\u00e7a energ\u00e9tica, estabilidade econ\u00f4mica e impactos geopol\u00edticos. A crise de combust\u00edveis f\u00f3sseis, portanto, funciona como um catalisador: exp\u00f5e fragilidades, mas tamb\u00e9m abre espa\u00e7o para que novos par\u00e2metros sejam adotados, impulsionando pol\u00edticas alinhadas \u00e0s demandas urgentes de um mundo em transi\u00e7\u00e3o energ\u00e9tica.<\/p>\n<p>________________________________________________________________________________<\/p>\n<p class=\"jota-article__reference\">\u00b9https:\/\/climateandcommunity.org\/wp-content\/uploads\/2026\/03\/Research-Snapshot_Iran-Emissions-Methodology.pdf<\/p>\n<p class=\"jota-article__reference\">\u00b2https:\/\/www.dnv.com\/energy-transition-outlook\/the-war-in-iran-and-effects-on-the-global-energy-transition\/<\/p>\n<p class=\"jota-article__reference\">\u00b3 www.bloomberg.com\/opinion\/articles\/2026-03-06\/iran-war-economics-security-and-geopolitics-are-the-new-esg<\/p>\n<p class=\"jota-article__reference\">4 https:\/\/www.theborneopost.com\/2026\/03\/10\/how-malaysias-esg-agenda-evolves-after-the-us-iran-war\/<\/p>\n<p class=\"jota-article__reference\">5https:\/\/www.portalsolar.com.br\/noticias\/tecnologia\/mobilidade-eletrica\/brasil-bate-recorde-de-vendas-de-carros-eletricos-em-2025<\/p>\n<p class=\"jota-article__reference\">6https:\/\/eur-lex.europa.eu\/legal-content\/<\/p>\n<p class=\"jota-article__reference\">7https:\/\/www.eco-business.com\/news\/south-korea-bets-on-community-solar-to-drive-rural-energy-transition-cut-emissions\/<\/p>","protected":false},"excerpt":{"rendered":"<p>Mestre Machado de Assis ensinava que \u201cN\u00e3o h\u00e1 mal que n\u00e3o traga um pouco de bem, e por isso \u00e9 que o mal \u00e9 \u00fatil, muitas vezes indispens\u00e1vel\u2026\u201d. \u00c9 poss\u00edvel inserir nessa m\u00e1xima machadiana no conflito Ir\u00e3-EUA, que desencadeou a pior crise do petr\u00f3leo na hist\u00f3ria do mundo, segundo a AIE (Ag\u00eancia Internacional de Energia), [&hellip;]<\/p>\n","protected":false},"author":0,"featured_media":0,"comment_status":"open","ping_status":"open","sticky":false,"template":"","format":"standard","meta":[],"categories":[1],"tags":[],"_links":{"self":[{"href":"https:\/\/aprimora.site\/carvalhoalmeidaadvogados\/wp-json\/wp\/v2\/posts\/22338"}],"collection":[{"href":"https:\/\/aprimora.site\/carvalhoalmeidaadvogados\/wp-json\/wp\/v2\/posts"}],"about":[{"href":"https:\/\/aprimora.site\/carvalhoalmeidaadvogados\/wp-json\/wp\/v2\/types\/post"}],"replies":[{"embeddable":true,"href":"https:\/\/aprimora.site\/carvalhoalmeidaadvogados\/wp-json\/wp\/v2\/comments?post=22338"}],"version-history":[{"count":0,"href":"https:\/\/aprimora.site\/carvalhoalmeidaadvogados\/wp-json\/wp\/v2\/posts\/22338\/revisions"}],"wp:attachment":[{"href":"https:\/\/aprimora.site\/carvalhoalmeidaadvogados\/wp-json\/wp\/v2\/media?parent=22338"}],"wp:term":[{"taxonomy":"category","embeddable":true,"href":"https:\/\/aprimora.site\/carvalhoalmeidaadvogados\/wp-json\/wp\/v2\/categories?post=22338"},{"taxonomy":"post_tag","embeddable":true,"href":"https:\/\/aprimora.site\/carvalhoalmeidaadvogados\/wp-json\/wp\/v2\/tags?post=22338"}],"curies":[{"name":"wp","href":"https:\/\/api.w.org\/{rel}","templated":true}]}}