{"id":22336,"date":"2026-04-26T08:58:40","date_gmt":"2026-04-26T11:58:40","guid":{"rendered":"https:\/\/aprimora.site\/carvalhoalmeidaadvogados\/2026\/04\/26\/stj-avanca-na-discussao-sobre-quebra-do-sigilo-bancario-em-acoes-civeis\/"},"modified":"2026-04-26T08:58:40","modified_gmt":"2026-04-26T11:58:40","slug":"stj-avanca-na-discussao-sobre-quebra-do-sigilo-bancario-em-acoes-civeis","status":"publish","type":"post","link":"https:\/\/aprimora.site\/carvalhoalmeidaadvogados\/2026\/04\/26\/stj-avanca-na-discussao-sobre-quebra-do-sigilo-bancario-em-acoes-civeis\/","title":{"rendered":"STJ avan\u00e7a na discuss\u00e3o sobre quebra do sigilo banc\u00e1rio em a\u00e7\u00f5es c\u00edveis"},"content":{"rendered":"<p>Utilizada com mais frequ\u00eancia na Justi\u00e7a criminal, para investiga\u00e7\u00f5es ou bloqueio de patrim\u00f4nio il\u00edcito, a quebra de sigilo banc\u00e1rio \u00e9 admitida no \u00e2mbito c\u00edvel, mas apenas em car\u00e1ter excepcional.<\/p>","protected":false},"excerpt":{"rendered":"<p>Utilizada com mais frequ\u00eancia na Justi\u00e7a criminal, para investiga\u00e7\u00f5es ou bloqueio de patrim\u00f4nio il\u00edcito, a quebra de sigilo banc\u00e1rio \u00e9 admitida no \u00e2mbito c\u00edvel, mas apenas em car\u00e1ter excepcional.<\/p>\n","protected":false},"author":0,"featured_media":0,"comment_status":"open","ping_status":"open","sticky":false,"template":"","format":"standard","meta":[],"categories":[1],"tags":[],"_links":{"self":[{"href":"https:\/\/aprimora.site\/carvalhoalmeidaadvogados\/wp-json\/wp\/v2\/posts\/22336"}],"collection":[{"href":"https:\/\/aprimora.site\/carvalhoalmeidaadvogados\/wp-json\/wp\/v2\/posts"}],"about":[{"href":"https:\/\/aprimora.site\/carvalhoalmeidaadvogados\/wp-json\/wp\/v2\/types\/post"}],"replies":[{"embeddable":true,"href":"https:\/\/aprimora.site\/carvalhoalmeidaadvogados\/wp-json\/wp\/v2\/comments?post=22336"}],"version-history":[{"count":0,"href":"https:\/\/aprimora.site\/carvalhoalmeidaadvogados\/wp-json\/wp\/v2\/posts\/22336\/revisions"}],"wp:attachment":[{"href":"https:\/\/aprimora.site\/carvalhoalmeidaadvogados\/wp-json\/wp\/v2\/media?parent=22336"}],"wp:term":[{"taxonomy":"category","embeddable":true,"href":"https:\/\/aprimora.site\/carvalhoalmeidaadvogados\/wp-json\/wp\/v2\/categories?post=22336"},{"taxonomy":"post_tag","embeddable":true,"href":"https:\/\/aprimora.site\/carvalhoalmeidaadvogados\/wp-json\/wp\/v2\/tags?post=22336"}],"curies":[{"name":"wp","href":"https:\/\/api.w.org\/{rel}","templated":true}]}}