{"id":22322,"date":"2026-04-25T02:58:54","date_gmt":"2026-04-25T05:58:54","guid":{"rendered":"https:\/\/aprimora.site\/carvalhoalmeidaadvogados\/2026\/04\/25\/o-brasil-no-palacio-da-paz-por-que-a-continuidade-importa\/"},"modified":"2026-04-25T02:58:54","modified_gmt":"2026-04-25T05:58:54","slug":"o-brasil-no-palacio-da-paz-por-que-a-continuidade-importa","status":"publish","type":"post","link":"https:\/\/aprimora.site\/carvalhoalmeidaadvogados\/2026\/04\/25\/o-brasil-no-palacio-da-paz-por-que-a-continuidade-importa\/","title":{"rendered":"O Brasil no Pal\u00e1cio da Paz: por que a continuidade importa"},"content":{"rendered":"<p><span>Nos pr\u00f3ximos meses, a diplomacia brasileira ter\u00e1 de tomar uma decis\u00e3o discreta, mas de grande alcance estrat\u00e9gico: apoiar (ou n\u00e3o) a reelei\u00e7\u00e3o do juiz Leonardo Nemer Caldeira Brant para a Corte Internacional de Justi\u00e7a, o principal \u00f3rg\u00e3o judici\u00e1rio das Na\u00e7\u00f5es Unidas, sediado no hist\u00f3rico Pal\u00e1cio da Paz, na Haia, Holanda. Mais do que a recondu\u00e7\u00e3o de um magistrado cujo mandato atual se encerra em fevereiro de 2027, est\u00e1 em jogo a continuidade de uma presen\u00e7a brasileira que acompanha, h\u00e1 pouco mais de um s\u00e9culo, a pr\u00f3pria hist\u00f3ria da justi\u00e7a internacional.<\/span><\/p>\n<p><span>Desde os prim\u00f3rdios da jurisdi\u00e7\u00e3o internacional permanente, o Brasil esteve representado na Haia, o epicentro das decis\u00f5es jur\u00eddicas globais. Ainda na Corte Permanente de Justi\u00e7a Internacional, criada no \u00e2mbito da Liga das Na\u00e7\u00f5es, destacou-se a figura de Epit\u00e1cio Pessoa, eleito juiz em 1923. Sua presen\u00e7a inaugurou uma tradi\u00e7\u00e3o que se prolonga por gera\u00e7\u00f5es. Ap\u00f3s a cria\u00e7\u00e3o da atual Corte Internacional de Justi\u00e7a, h\u00e1 oitenta anos, essa linhagem foi continuada por juristas de grande proje\u00e7\u00e3o como Philadelpho Azevedo, em 1946, passando por Levi Carneiro, em 1951, Jos\u00e9 Sette-C\u00e2mara, em 1979, Francisco Rezek, em 1997, Ant\u00f4nio Augusto Can\u00e7ado Trindade, em 2009, e, mais recentemente, Caldeira Brant, em 2022.\u00a0<\/span><\/p>\n<p class=\"jota-cta\"><a href=\"https:\/\/conteudo.jota.info\/marketing-lp-newsletter-ultimas-noticias?utm_source=jota&amp;utm_medium=lp&amp;utm_campaign=23-09-2024-jota-lp-eleicoes-2024-eleicoes-2024-none-audiencias-none&amp;utm_content=eleicoes-2024&amp;utm_term=none\"><span>Assine gratuitamente a newsletter \u00daltimas Not\u00edcias do <span class=\"jota\">JOTA<\/span> e receba as principais not\u00edcias jur\u00eddicas e pol\u00edticas do dia no seu email<\/span><\/a><\/p>\n<p><span>Essa trajet\u00f3ria n\u00e3o \u00e9 apenas motivo de prest\u00edgio. Em um cen\u00e1rio marcado por conflitos persistentes, disputas territoriais renovadas e desafios jur\u00eddicos in\u00e9ditos \u2014 como as obriga\u00e7\u00f5es dos Estados diante das mudan\u00e7as clim\u00e1ticas ou a responsabiliza\u00e7\u00e3o por genoc\u00eddio \u2014, os tribunais internacionais assumem papel central na regula\u00e7\u00e3o das rela\u00e7\u00f5es interestatais. Pa\u00edses que desejam influenciar a evolu\u00e7\u00e3o dessas normas sabem que a presen\u00e7a de juristas qualificados nas inst\u00e2ncias decis\u00f3rias globais constitui um ativo estrat\u00e9gico: uma forma de proje\u00e7\u00e3o jur\u00eddica e diplom\u00e1tica, express\u00e3o refinada de <\/span><span>soft power<\/span><span>.<\/span><\/p>\n<p><span>\u00c9 nesse contexto que se insere a candidatura \u00e0 reelei\u00e7\u00e3o de Caldeira Brant, que construiu reputa\u00e7\u00e3o de magistrado sereno, tecnicamente rigoroso e comprometido com os princ\u00edpios estruturantes do Direito Internacional. Sua atua\u00e7\u00e3o em processos de elevada sensibilidade pol\u00edtica revela equil\u00edbrio institucional, dom\u00ednio t\u00e9cnico e prud\u00eancia diplom\u00e1tica \u2014 qualidades essenciais em um tribunal cuja autoridade repousa menos na for\u00e7a do que na persuas\u00e3o de seus argumentos. Em cortes dessa natureza, autoridade intelectual e influ\u00eancia jurisprudencial formam-se ao longo do tempo. Interromper um mandato j\u00e1 amadurecido significaria dissipar um capital institucional constru\u00eddo com paci\u00eancia.<\/span><\/p>\n<p><span>A import\u00e2ncia da continuidade nacional em tribunais internacionais n\u00e3o \u00e9 apenas te\u00f3rica. A experi\u00eancia comparada mostra que diversos pa\u00edses cultivaram presen\u00e7as duradouras na Corte. Fran\u00e7a e Jap\u00e3o mant\u00eam representa\u00e7\u00e3o quase ininterrupta h\u00e1 d\u00e9cadas. Essa estabilidade permite que tradi\u00e7\u00f5es jur\u00eddicas nacionais participem de forma consistente da evolu\u00e7\u00e3o da doutrina e da jurisprud\u00eancia internacionais.<\/span><\/p>\n<p><span>O Brasil conta hoje com uma comunidade de internacionalistas amplamente respeitada nos meios acad\u00eamicos e profissionais mundo afora. Professores e juristas brasileiros atuam com reconhecimento em tribunais, comiss\u00f5es e organismos internacionais. A perman\u00eancia de um juiz brasileiro na Haia pode consolidar essa tradi\u00e7\u00e3o e, no futuro, n\u00e3o apenas facilitar a elei\u00e7\u00e3o de um novo jurista brasileiro para a Corte Internacional de Justi\u00e7a, como tamb\u00e9m abrir caminho para que, pela primeira vez, um brasileiro venha a ocupar a presid\u00eancia do tribunal.<\/span><\/p>\n<p><span>A elei\u00e7\u00e3o dos ju\u00edzes da Corte de Haia, realizada simultaneamente na Assembleia Geral e no Conselho de Seguran\u00e7a da ONU, \u00e9 um processo complexo e competitivo. Nenhum pa\u00eds possui assentos permanentes no tribunal. Por isso, Estados que conquistam posi\u00e7\u00f5es relevantes procuram preserv\u00e1-las com vis\u00e3o de longo prazo.<\/span><\/p>\n<p class=\"jota-cta\"><a href=\"https:\/\/whatsapp.com\/channel\/0029VaFvFd73rZZflK7yGD0I\">Inscreva-se no canal de not\u00edcias do <span class=\"jota\">JOTA<\/span> no WhatsApp e fique por dentro das principais discuss\u00f5es do pa\u00eds!<\/a><\/p>\n<p><span>Para um pa\u00eds que historicamente aposta no Direito como instrumento de proje\u00e7\u00e3o internacional, abrir m\u00e3o de um incumbente qualificado como Caldeira Brant seria um equ\u00edvoco estrat\u00e9gico. A presen\u00e7a brasileira na Haia n\u00e3o \u00e9 apenas s\u00edmbolo de prest\u00edgio diplom\u00e1tico; \u00e9 tamb\u00e9m uma forma concreta de participar da constru\u00e7\u00e3o das regras e princ\u00edpios que estruturam a ordem internacional.<\/span><\/p>\n<p><span>A reelei\u00e7\u00e3o de Leonardo Nemer Caldeira Brant representa, nesse sentido, uma escolha de continuidade institucional e prud\u00eancia estrat\u00e9gica. Em um momento em que o multilateralismo enfrenta desafios crescentes, preservar uma voz brasileira qualificada na principal corte internacional significa reafirmar uma poderosa tradi\u00e7\u00e3o diplom\u00e1tica que atravessa gera\u00e7\u00f5es. O Brasil n\u00e3o deve abrir m\u00e3o de seu lugar no Pal\u00e1cio da Paz.<\/span><\/p>","protected":false},"excerpt":{"rendered":"<p>Nos pr\u00f3ximos meses, a diplomacia brasileira ter\u00e1 de tomar uma decis\u00e3o discreta, mas de grande alcance estrat\u00e9gico: apoiar (ou n\u00e3o) a reelei\u00e7\u00e3o do juiz Leonardo Nemer Caldeira Brant para a Corte Internacional de Justi\u00e7a, o principal \u00f3rg\u00e3o judici\u00e1rio das Na\u00e7\u00f5es Unidas, sediado no hist\u00f3rico Pal\u00e1cio da Paz, na Haia, Holanda. Mais do que a recondu\u00e7\u00e3o [&hellip;]<\/p>\n","protected":false},"author":0,"featured_media":0,"comment_status":"open","ping_status":"open","sticky":false,"template":"","format":"standard","meta":[],"categories":[1],"tags":[],"_links":{"self":[{"href":"https:\/\/aprimora.site\/carvalhoalmeidaadvogados\/wp-json\/wp\/v2\/posts\/22322"}],"collection":[{"href":"https:\/\/aprimora.site\/carvalhoalmeidaadvogados\/wp-json\/wp\/v2\/posts"}],"about":[{"href":"https:\/\/aprimora.site\/carvalhoalmeidaadvogados\/wp-json\/wp\/v2\/types\/post"}],"replies":[{"embeddable":true,"href":"https:\/\/aprimora.site\/carvalhoalmeidaadvogados\/wp-json\/wp\/v2\/comments?post=22322"}],"version-history":[{"count":0,"href":"https:\/\/aprimora.site\/carvalhoalmeidaadvogados\/wp-json\/wp\/v2\/posts\/22322\/revisions"}],"wp:attachment":[{"href":"https:\/\/aprimora.site\/carvalhoalmeidaadvogados\/wp-json\/wp\/v2\/media?parent=22322"}],"wp:term":[{"taxonomy":"category","embeddable":true,"href":"https:\/\/aprimora.site\/carvalhoalmeidaadvogados\/wp-json\/wp\/v2\/categories?post=22322"},{"taxonomy":"post_tag","embeddable":true,"href":"https:\/\/aprimora.site\/carvalhoalmeidaadvogados\/wp-json\/wp\/v2\/tags?post=22322"}],"curies":[{"name":"wp","href":"https:\/\/api.w.org\/{rel}","templated":true}]}}